{"id":29118,"date":"2017-09-19T13:59:21","date_gmt":"2017-09-19T11:59:21","guid":{"rendered":"http:\/\/www.invarena.cz\/?p=29118"},"modified":"2017-09-19T13:59:21","modified_gmt":"2017-09-19T11:59:21","slug":"frajer-jezek-se-s-karierou-rozlouci-v-plzni","status":"publish","type":"post","link":"https:\/\/www.invarena.cz\/?p=29118","title":{"rendered":"Frajer Je\u017eek se s kari\u00e9rou rozlou\u010d\u00ed v Plzni"},"content":{"rendered":"<p><strong>Ji\u0159\u00ed Je\u017eek, jeden z nej\u00fasp\u011b\u0161n\u011bj\u0161\u00edch handicapovan\u00fdch cyklist\u016f na sv\u011bt\u011b se z\u00edtra v Plzni rozlou\u010d\u00ed s profikari\u00e9rou.<br \/>\nZa rozlu\u010dkov\u00fd z\u00e1vod si 42let\u00fd jezdec vybral GP Duratec, odvetu za Giant ligu, v n\u00ed\u017e \u010dasto startoval a sv\u00e1d\u011bl tu souboje se zdrav\u00fdmi soupe\u0159i.<\/strong><br \/>\n<!--more--><br \/>\nV jeden\u00e1cti letech Ji\u0159\u00ed Je\u017eek vb\u011bhl pod kola n\u00e1kladn\u00ed tatry. S d\u00e1vkou \u0161t\u011bst\u00ed nehodu p\u0159e\u017eil, ale l\u00e9ka\u0159i mu museli amputovat pravou nohu pod kolenem. Ji\u0159\u00ed se ale nevzdal, handicapovan\u00fd se vrhl do cyklistiky a vypracoval se v z\u00e1vodn\u00edka sv\u011btov\u00e9 extrat\u0159\u00eddy.<br \/>\n\u0160estkr\u00e1t slavil v\u00edt\u011bzstv\u00ed na paralympi\u00e1d\u011b, vybojoval \u0161est titul\u016f mistra sv\u011bta a t\u0159ikr\u00e1t ovl\u00e1dl Sv\u011btov\u00fd poh\u00e1r. Svou v\u016fl\u00ed se stal p\u0159\u00edkladem pro podobn\u011b posti\u017een\u00e9 lidi i pro ty zdrav\u00e9. V roce 2013 startoval jako p\u0159edjezdec v \u010dasovce na Tour de France. Rok pot\u00e9 se ale na sv\u011btov\u00e9m \u0161ampion\u00e1tu v americk\u00e9m Greenville po kolizi ve spurtu znovu v\u00e1\u017en\u011b zranil. L\u00e9ka\u0159i mu museli odstranit kus pl\u00edce, nahradit dv\u011b \u017eebra a prov\u00e9st dal\u0161\u00ed z\u00e1kroky. Ani to v\u0161ak Je\u017eka od z\u00e1vod\u011bn\u00ed neodradilo. O sv\u00e9m \u017eivotn\u00edm p\u0159\u00edb\u011bhu napsal knihu Frajer.<br \/>\nJe\u017ekova rozlu\u010dka v are\u00e1lu SK Rapid v Doubravce za\u010dne z\u00edtra v 17.15 hodin, ostr\u00fd start v 17.30 hodin a po z\u00e1vod\u011b autogrami\u00e1da. <\/p>\n<p>Plze\u0148sk\u00fd den\u00edk<br \/>\nhttp:\/\/plzensky.denik.cz\/ <\/p>\n","protected":false},"excerpt":{"rendered":"<div class=\"mh-excerpt\"><p>Ji\u0159\u00ed Je\u017eek, jeden z nej\u00fasp\u011b\u0161n\u011bj\u0161\u00edch handicapovan\u00fdch cyklist\u016f na sv\u011bt\u011b se z\u00edtra v Plzni rozlou\u010d\u00ed s profikari\u00e9rou. Za rozlu\u010dkov\u00fd z\u00e1vod si 42let\u00fd jezdec vybral GP Duratec, <a class=\"mh-excerpt-more\" href=\"https:\/\/www.invarena.cz\/?p=29118\" title=\"Frajer Je\u017eek se s kari\u00e9rou rozlou\u010d\u00ed v Plzni\">[&#8230;]<\/a><\/p>\n<\/div>","protected":false},"author":1,"featured_media":2987,"comment_status":"open","ping_status":"closed","sticky":false,"template":"","format":"standard","meta":{"footnotes":""},"categories":[9],"tags":[],"class_list":["post-29118","post","type-post","status-publish","format-standard","has-post-thumbnail","hentry","category-zpravy"],"_links":{"self":[{"href":"https:\/\/www.invarena.cz\/index.php?rest_route=\/wp\/v2\/posts\/29118","targetHints":{"allow":["GET"]}}],"collection":[{"href":"https:\/\/www.invarena.cz\/index.php?rest_route=\/wp\/v2\/posts"}],"about":[{"href":"https:\/\/www.invarena.cz\/index.php?rest_route=\/wp\/v2\/types\/post"}],"author":[{"embeddable":true,"href":"https:\/\/www.invarena.cz\/index.php?rest_route=\/wp\/v2\/users\/1"}],"replies":[{"embeddable":true,"href":"https:\/\/www.invarena.cz\/index.php?rest_route=%2Fwp%2Fv2%2Fcomments&post=29118"}],"version-history":[{"count":0,"href":"https:\/\/www.invarena.cz\/index.php?rest_route=\/wp\/v2\/posts\/29118\/revisions"}],"wp:featuredmedia":[{"embeddable":true,"href":"https:\/\/www.invarena.cz\/index.php?rest_route=\/wp\/v2\/media\/2987"}],"wp:attachment":[{"href":"https:\/\/www.invarena.cz\/index.php?rest_route=%2Fwp%2Fv2%2Fmedia&parent=29118"}],"wp:term":[{"taxonomy":"category","embeddable":true,"href":"https:\/\/www.invarena.cz\/index.php?rest_route=%2Fwp%2Fv2%2Fcategories&post=29118"},{"taxonomy":"post_tag","embeddable":true,"href":"https:\/\/www.invarena.cz\/index.php?rest_route=%2Fwp%2Fv2%2Ftags&post=29118"}],"curies":[{"name":"wp","href":"https:\/\/api.w.org\/{rel}","templated":true}]}}