{"id":29119,"date":"2017-09-19T13:58:48","date_gmt":"2017-09-19T11:58:48","guid":{"rendered":"http:\/\/www.invarena.cz\/?p=29119"},"modified":"2017-09-19T13:58:48","modified_gmt":"2017-09-19T11:58:48","slug":"soud-o-protezu-mluvili-sefove-prazdroje","status":"publish","type":"post","link":"https:\/\/www.invarena.cz\/?p=29119","title":{"rendered":"Soud o prot\u00e9zu. Mluvili \u0161\u00e9fov\u00e9 Prazdroje"},"content":{"rendered":"<p><strong>Plze\u0148sk\u00fd soud se v\u010dera vr\u00e1til ke sporu 42let\u00e9ho Karla Fra\u0148ka a Plze\u0148sk\u00e9ho Prazdroje. Dnes u\u017e b\u00fdval\u00fd bedn\u00e1\u0159 p\u0159i\u0161el p\u0159ed \u010dty\u0159mi lety p\u0159i pr\u00e1ci o nohu, kdy\u017e mu ji po p\u00e1du z vysokozdvi\u017en\u00e9ho voz\u00edku rozdrtil 46hektolitrov\u00fd dubov\u00fd sud. Te\u010f \u017ealuje pivovar o 3,7 milionu korun.<\/strong><br \/>\n<!--more--><br \/>\nL\u00e9ka\u0159\u016fm v dubnu 2013 nezbylo ne\u017e zdevastovanou kon\u010detinu amputovat. Po \u00farazu m\u011bli Fra\u0148kovi jeho tehdej\u0161\u00ed nad\u0159\u00edzen\u00ed sl\u00edbit, \u017ee o n\u011bj bude postar\u00e1no a \u017ee dostane prot\u00e9zu. Jen\u017ee to se podle n\u011bho nestalo. &#8222;Jeho nad\u0159\u00edzen\u00e1 mi volala, \u017ee nemus\u00edm m\u00edt strach. \u017de man\u017eel bude m\u00edt nadstandardn\u00ed p\u00e9\u010di a \u017ee mu zajist\u00ed prot\u00e9zu, kter\u00e1 ho vr\u00e1t\u00ed zp\u011bt do \u017eivota,&#8220; vypov\u011bd\u011bla v \u010dervnu man\u017eelka Ren\u00e1ta Fra\u0148kov\u00e1.<br \/>\nV\u00fdpov\u011b\u010fmi nad\u0159\u00edzen\u00fdch v\u010dera \u0159\u00edzen\u00ed pokra\u010dovalo. <\/p>\n<p>Prot\u00e9zu si Karel Fran\u011bk (na sn\u00edmku) opat\u0159il s\u00e1m, \u017e\u00e1dn\u00e1 ofici\u00e1ln\u00ed dohoda, kter\u00e1 by \u00fadajn\u00fd slib pivovaru potvrzovala, neexistuje.<br \/>\nPlze\u0148sk\u00fd Prazdroj Fra\u0148kovi po \u00farazu zaplatil bolestn\u00e9 i p\u0159\u00edsp\u011bvek na nov\u00e9 auto, vypl\u00e1c\u00ed mu rentu, k n\u00ed pob\u00edr\u00e1 mu\u017e invalidn\u00ed d\u016fchod.<br \/>\nO pr\u00e1ci p\u0159i\u0161el, bedn\u00e1\u0159e d\u00e1l d\u011blat nemohl a nemohl ani vyr\u00e1b\u011bt upom\u00ednkov\u00e9 p\u0159edm\u011bty. Stanovisko pivovaru zn\u00ed, \u017ee ud\u011blal v\u0161e, co m\u011bl.<br \/>\nV\u010dera to potvrdil nap\u0159\u00edklad Bohum\u00edr Matas, p\u0159edseda odborov\u00e9 organizace Plze\u0148sk\u00e9ho Prazdroje. Komise, kter\u00e1 \u00faraz pro\u0161et\u0159ovala, podle n\u011bj do\u0161la k tomu, \u017ee \u00faraz nezavinil zam\u011bstnanec ani zam\u011bstnavatel.<br \/>\n&#8222;Navrhla pln\u00e9 od\u0161kodn\u00e9 ve v\u00fd\u0161i 100 procent, to bylo ofici\u00e1ln\u00ed,&#8220; \u0159ekl s t\u00edm, \u017ee o dal\u0161\u00edch \u00fadajn\u00fdch slibech sly\u0161el jen neofici\u00e1ln\u011b. &#8222;Ale nev\u011b\u0159\u00edm tomu, \u017ee by mu ji gener\u00e1ln\u00ed \u0159editel nekoupil, kdyby takov\u00e1 dostupn\u00e1 prot\u00e9za existovala,&#8220; dodal.<br \/>\n\u010c\u00e1stka, o ni\u017e Fran\u011bk pivovar \u017ealuje, by pokryla n\u00e1kup dvou prot\u00e9z Genium X3, kter\u00e9 by mu vydr\u017eely do pades\u00e1tky. B\u00fdval\u00fd sportovec by se d\u00edky nim mohl vr\u00e1tit do aktivn\u00edho \u017eivota.<br \/>\nFra\u0148kovi vychov\u00e1vaj\u00ed t\u0159in\u00e1ctilet\u00e9ho syna a ro\u010dn\u00ed dceru. Man\u017eelka chod\u00ed do pr\u00e1ce p\u0159i mate\u0159sk\u00e9, on hled\u00e1 zam\u011bstn\u00e1n\u00ed jen t\u011b\u017eko. &#8222;P\u0159i rozhovoru s man\u017eelkou pana Fra\u0148ka jsem \u0159\u00edkala, \u017ee pokud to bude mo\u017en\u00e9, dostane op\u011bt pr\u00e1ci v bedn\u00e1rn\u011b. To jsem ale je\u0161t\u011b neznala rozsah jeho zran\u011bn\u00ed,&#8220; vypov\u011bd\u011bla Jind\u0159i\u0161ka Eli\u00e1\u0161kov\u00e1, b\u00fdval\u00e1 mana\u017eerka odd\u011blen\u00ed, pod kter\u00e9 bedn\u00e1rna spadala. Z\u00e1rove\u0148 tak\u00e9 zm\u00ednila, \u017ee o jedn\u00e1n\u00ed o prot\u00e9ze pro zran\u011bn\u00e9ho \u2013 ne v\u0161ak o jej\u00edm p\u0159\u00edslibu \u2013 v\u011bd\u011bla. Ani ona u n\u011bj v\u0161ak nebyla. V\u0161e pr\u00fd \u0159e\u0161ili pr\u00e1vn\u00edci.<br \/>\nRudolf \u0160lehofer, kter\u00fd byl v dob\u011b \u00farazu v pivovaru mana\u017eerem \u0159\u00edzen\u00ed rizik, dodal, \u017ee od \u00farazu se v pivovaru zm\u011bnil syst\u00e9m \u0161kolen\u00ed bezpe\u010dnosti, o kter\u00e9m se nov\u00ed bedn\u00e1\u0159i dozv\u00eddaj\u00ed od star\u0161\u00edch \u00fastn\u011b. Nov\u011b mus\u00ed podepisovat, \u017ee byli vy\u0161koleni: &#8222;Kdy\u017e jsme tento \u00faraz vy\u0161et\u0159ovali, nemohli jsme potvrdit ani vyvr\u00e1tit, jestli \u00fastn\u00ed \u0161kolen\u00ed prob\u011bhlo.&#8220;<br \/>\nP\u0159ed t\u0159emi m\u011bs\u00edci u soudu vypov\u00eddali b\u00fdval\u00ed Fra\u0148kovi kolegov\u00e9. \u017de b\u011bhem manipulace se sudem n\u011bkdo pochybil, v\u0161ichni odm\u00edtli. &#8222;Ne\u0161\u0165astn\u00e1 n\u00e1hoda,&#8220; shodovali se. Stejn\u011b hovo\u0159ili i sv\u011bdci p\u0159edvolan\u00ed na v\u010derej\u0161ek.<br \/>\n&#8222;Jsem p\u0159esv\u011bd\u010den, \u017ee bezpe\u010dnost pr\u00e1ce m\u00e1me na dobr\u00e9 \u00farovni. Karel Fran\u011bk m\u011bl odhadnout m\u00edsto, kam dopadl sud. Je mi l\u00edto, \u017ee se to stalo,&#8220; \u0159ekl bezpe\u010dnostn\u00ed technik pivovaru Ji\u0159\u00ed Brandtl\u00edk.<\/p>\n<p>PAVEL KORELUS<br \/>\nPlze\u0148sk\u00fd den\u00edk<br \/>\nhttp:\/\/plzensky.denik.cz\/ <\/p>\n","protected":false},"excerpt":{"rendered":"<div class=\"mh-excerpt\"><p>Plze\u0148sk\u00fd soud se v\u010dera vr\u00e1til ke sporu 42let\u00e9ho Karla Fra\u0148ka a Plze\u0148sk\u00e9ho Prazdroje. Dnes u\u017e b\u00fdval\u00fd bedn\u00e1\u0159 p\u0159i\u0161el p\u0159ed \u010dty\u0159mi lety p\u0159i pr\u00e1ci o nohu, <a class=\"mh-excerpt-more\" href=\"https:\/\/www.invarena.cz\/?p=29119\" title=\"Soud o prot\u00e9zu. Mluvili \u0161\u00e9fov\u00e9 Prazdroje\">[&#8230;]<\/a><\/p>\n<\/div>","protected":false},"author":1,"featured_media":27857,"comment_status":"open","ping_status":"closed","sticky":false,"template":"","format":"standard","meta":{"footnotes":""},"categories":[9],"tags":[],"class_list":["post-29119","post","type-post","status-publish","format-standard","has-post-thumbnail","hentry","category-zpravy"],"_links":{"self":[{"href":"https:\/\/www.invarena.cz\/index.php?rest_route=\/wp\/v2\/posts\/29119","targetHints":{"allow":["GET"]}}],"collection":[{"href":"https:\/\/www.invarena.cz\/index.php?rest_route=\/wp\/v2\/posts"}],"about":[{"href":"https:\/\/www.invarena.cz\/index.php?rest_route=\/wp\/v2\/types\/post"}],"author":[{"embeddable":true,"href":"https:\/\/www.invarena.cz\/index.php?rest_route=\/wp\/v2\/users\/1"}],"replies":[{"embeddable":true,"href":"https:\/\/www.invarena.cz\/index.php?rest_route=%2Fwp%2Fv2%2Fcomments&post=29119"}],"version-history":[{"count":0,"href":"https:\/\/www.invarena.cz\/index.php?rest_route=\/wp\/v2\/posts\/29119\/revisions"}],"wp:featuredmedia":[{"embeddable":true,"href":"https:\/\/www.invarena.cz\/index.php?rest_route=\/wp\/v2\/media\/27857"}],"wp:attachment":[{"href":"https:\/\/www.invarena.cz\/index.php?rest_route=%2Fwp%2Fv2%2Fmedia&parent=29119"}],"wp:term":[{"taxonomy":"category","embeddable":true,"href":"https:\/\/www.invarena.cz\/index.php?rest_route=%2Fwp%2Fv2%2Fcategories&post=29119"},{"taxonomy":"post_tag","embeddable":true,"href":"https:\/\/www.invarena.cz\/index.php?rest_route=%2Fwp%2Fv2%2Ftags&post=29119"}],"curies":[{"name":"wp","href":"https:\/\/api.w.org\/{rel}","templated":true}]}}