{"id":29121,"date":"2017-09-19T13:54:30","date_gmt":"2017-09-19T11:54:30","guid":{"rendered":"http:\/\/www.invarena.cz\/?p=29121"},"modified":"2017-09-19T13:54:30","modified_gmt":"2017-09-19T11:54:30","slug":"nova-uredni-deska-na-vas-bude-i-mluvit","status":"publish","type":"post","link":"https:\/\/www.invarena.cz\/?p=29121","title":{"rendered":"Nov\u00e1 \u00fa\u0159edn\u00ed deska na v\u00e1s bude i mluvit"},"content":{"rendered":"<p><strong>M\u011bsto chce po\u0159\u00eddit elektronickou \u00fa\u0159edn\u00ed desku. &#8222;Mo\u017en\u00e1 to bude zn\u00edt a\u017e komicky, ale chceme, aby to byla p\u0159\u00edv\u011btiv\u00e1 \u00fa\u0159edn\u00ed deska t\u0159eba i pro nevidom\u00e9, aby informace dostali v hlasov\u00e9 podob\u011b,&#8220; komentoval starosta Kol\u00edna V\u00edt Raku\u0161an.<\/strong><br \/>\n<!--more--><br \/>\nhttp:\/\/kolinsky.denik.cz\/zpravy_region\/nova-uredni-deska-na-vas-bude-i-mluvit-20170918.html<\/p>\n","protected":false},"excerpt":{"rendered":"<div class=\"mh-excerpt\"><p>M\u011bsto chce po\u0159\u00eddit elektronickou \u00fa\u0159edn\u00ed desku. &#8222;Mo\u017en\u00e1 to bude zn\u00edt a\u017e komicky, ale chceme, aby to byla p\u0159\u00edv\u011btiv\u00e1 \u00fa\u0159edn\u00ed deska t\u0159eba i pro nevidom\u00e9, aby <a class=\"mh-excerpt-more\" href=\"https:\/\/www.invarena.cz\/?p=29121\" title=\"Nov\u00e1 \u00fa\u0159edn\u00ed deska na v\u00e1s bude i mluvit\">[&#8230;]<\/a><\/p>\n<\/div>","protected":false},"author":1,"featured_media":1410,"comment_status":"open","ping_status":"closed","sticky":false,"template":"","format":"standard","meta":{"footnotes":""},"categories":[9],"tags":[],"class_list":["post-29121","post","type-post","status-publish","format-standard","has-post-thumbnail","hentry","category-zpravy"],"_links":{"self":[{"href":"https:\/\/www.invarena.cz\/index.php?rest_route=\/wp\/v2\/posts\/29121","targetHints":{"allow":["GET"]}}],"collection":[{"href":"https:\/\/www.invarena.cz\/index.php?rest_route=\/wp\/v2\/posts"}],"about":[{"href":"https:\/\/www.invarena.cz\/index.php?rest_route=\/wp\/v2\/types\/post"}],"author":[{"embeddable":true,"href":"https:\/\/www.invarena.cz\/index.php?rest_route=\/wp\/v2\/users\/1"}],"replies":[{"embeddable":true,"href":"https:\/\/www.invarena.cz\/index.php?rest_route=%2Fwp%2Fv2%2Fcomments&post=29121"}],"version-history":[{"count":0,"href":"https:\/\/www.invarena.cz\/index.php?rest_route=\/wp\/v2\/posts\/29121\/revisions"}],"wp:featuredmedia":[{"embeddable":true,"href":"https:\/\/www.invarena.cz\/index.php?rest_route=\/wp\/v2\/media\/1410"}],"wp:attachment":[{"href":"https:\/\/www.invarena.cz\/index.php?rest_route=%2Fwp%2Fv2%2Fmedia&parent=29121"}],"wp:term":[{"taxonomy":"category","embeddable":true,"href":"https:\/\/www.invarena.cz\/index.php?rest_route=%2Fwp%2Fv2%2Fcategories&post=29121"},{"taxonomy":"post_tag","embeddable":true,"href":"https:\/\/www.invarena.cz\/index.php?rest_route=%2Fwp%2Fv2%2Ftags&post=29121"}],"curies":[{"name":"wp","href":"https:\/\/api.w.org\/{rel}","templated":true}]}}