{"id":29158,"date":"2017-09-25T20:08:17","date_gmt":"2017-09-25T18:08:17","guid":{"rendered":"http:\/\/www.invarena.cz\/?p=29158"},"modified":"2017-09-25T20:07:29","modified_gmt":"2017-09-25T18:07:29","slug":"chranene-dilny-dostanou-vic-dobry-krok-rika-biza","status":"publish","type":"post","link":"https:\/\/www.invarena.cz\/?p=29158","title":{"rendered":"Chr\u00e1n\u011bn\u00e9 d\u00edlny dostanou v\u00edc. Dobr\u00fd krok, \u0159\u00edk\u00e1 B\u00edza"},"content":{"rendered":"<p><strong>Firmy, kter\u00e9 zam\u011bstn\u00e1vaj\u00ed hendikepovan\u00e9 lidi, dostanou od st\u00e1tu v\u00edc pen\u011bz. Definitivn\u011b to odsouhlasili poslanci. St\u00e1tn\u00ed p\u0159\u00edsp\u011bvek se m\u00e1 od p\u0159\u00ed\u0161t\u00edho roku zv\u00fd\u0161it o dva a p\u016fl tis\u00edce korun na dvan\u00e1ct tis\u00edc m\u011bs\u00ed\u010dn\u011b. Dotace plat\u00ed p\u0159edev\u0161\u00edm pro chr\u00e1n\u011bn\u00e9 d\u00edlny, kter\u00e9 zaji\u0161\u0165uj\u00ed pr\u00e1ci zdravotn\u011b posti\u017een\u00fdm.<\/strong><br \/>\n<!--more--><br \/>\nNav\u00fd\u0161en\u00ed v\u00edt\u00e1 nap\u0159\u00edklad Stanislav B\u00edza, kter\u00fd je majitelem chr\u00e1n\u011bn\u00e9 d\u00edlny ve Starovi\u010dk\u00e1ch na B\u0159eclavsku. &#8222;Je to dobr\u00fd krok. St\u00e1t mus\u00ed myslet na to, \u017ee zam\u011bstn\u00e1v\u00e1me i lidi s t\u011b\u017e\u0161\u00edm ment\u00e1ln\u00edm posti\u017een\u00edm, kte\u0159\u00ed si na sebe prost\u011b nevyd\u011blaj\u00ed. O to je to pro n\u00e1s potom slo\u017eit\u011bj\u0161\u00ed,&#8220; pouk\u00e1zal B\u00edza, v jeho\u017e firm\u011b nyn\u00ed pracuje p\u011btat\u0159icet lid\u00ed.<br \/>\nNovela \u0159e\u0161\u00ed tak\u00e9 podle B\u00edzy doposud zbyte\u010dn\u011b slo\u017eitou administrativu. &#8222;Museli jsme z\u0159izovat chr\u00e1n\u011bn\u00e1 pracovn\u00ed m\u00edsta. Ka\u017ed\u00e9ho zam\u011bstnance jsme museli \u0159e\u0161it p\u0159es \u00fa\u0159ad pr\u00e1ce. Ne\u017e jsme n\u011bkdy dostali v\u0161echna pot\u0159ebn\u00e1 schv\u00e1len\u00ed, tak u n\u00e1s ten \u010dlov\u011bk u\u017e t\u0159eba ani nepracoval,&#8220; \u0159ekl B\u00edza.<br \/>\nNov\u011b budou zam\u011bstnavatel\u00e9 \u017e\u00e1dat \u00fa\u0159ad pr\u00e1ce o uzn\u00e1n\u00ed na chr\u00e1n\u011bn\u00e9m trhu pr\u00e1ce. Odpadne jim tak slo\u017eit\u00e9 pap\u00edrov\u00e1n\u00ed s ka\u017ed\u00fdm pracovn\u00edkem zvl\u00e1\u0161\u0165. Chr\u00e1n\u011bn\u00e1 d\u00edlna Sansimon funguje nap\u0159\u00edklad tak\u00e9 ve Znojm\u011b.<br \/>\nNav\u00fd\u0161en\u00ed p\u0159\u00edsp\u011bvku na zdravotn\u011b posti\u017een\u00e9 souvis\u00ed s n\u00e1r\u016fstem minim\u00e1ln\u00ed mzdy na 12 200 korun od ledna p\u0159\u00ed\u0161t\u00edho roku. &#8222;P\u0159\u00edsp\u011bvek proplat\u00ed zam\u011bstnavatel\u016fm mzdu vynalo\u017eenou na zam\u011bstn\u00e1v\u00e1n\u00ed t\u00e9to ohro\u017een\u00e9 skupiny lid\u00ed,&#8220; uvedl pro Den\u00edk mluv\u010d\u00ed ministerstva pr\u00e1ce a soci\u00e1ln\u00edch v\u011bc\u00ed Petr Sulek. <\/p>\n<p>B\u0159eclavsk\u00fd den\u00edk<br \/>\nhttp:\/\/breclavsky.denik.cz\/ <\/p>\n","protected":false},"excerpt":{"rendered":"<div class=\"mh-excerpt\"><p>Firmy, kter\u00e9 zam\u011bstn\u00e1vaj\u00ed hendikepovan\u00e9 lidi, dostanou od st\u00e1tu v\u00edc pen\u011bz. Definitivn\u011b to odsouhlasili poslanci. St\u00e1tn\u00ed p\u0159\u00edsp\u011bvek se m\u00e1 od p\u0159\u00ed\u0161t\u00edho roku zv\u00fd\u0161it o dva a <a class=\"mh-excerpt-more\" href=\"https:\/\/www.invarena.cz\/?p=29158\" title=\"Chr\u00e1n\u011bn\u00e9 d\u00edlny dostanou v\u00edc. Dobr\u00fd krok, \u0159\u00edk\u00e1 B\u00edza\">[&#8230;]<\/a><\/p>\n<\/div>","protected":false},"author":1,"featured_media":24717,"comment_status":"open","ping_status":"closed","sticky":false,"template":"","format":"standard","meta":{"footnotes":""},"categories":[9],"tags":[],"class_list":["post-29158","post","type-post","status-publish","format-standard","has-post-thumbnail","hentry","category-zpravy"],"_links":{"self":[{"href":"https:\/\/www.invarena.cz\/index.php?rest_route=\/wp\/v2\/posts\/29158","targetHints":{"allow":["GET"]}}],"collection":[{"href":"https:\/\/www.invarena.cz\/index.php?rest_route=\/wp\/v2\/posts"}],"about":[{"href":"https:\/\/www.invarena.cz\/index.php?rest_route=\/wp\/v2\/types\/post"}],"author":[{"embeddable":true,"href":"https:\/\/www.invarena.cz\/index.php?rest_route=\/wp\/v2\/users\/1"}],"replies":[{"embeddable":true,"href":"https:\/\/www.invarena.cz\/index.php?rest_route=%2Fwp%2Fv2%2Fcomments&post=29158"}],"version-history":[{"count":0,"href":"https:\/\/www.invarena.cz\/index.php?rest_route=\/wp\/v2\/posts\/29158\/revisions"}],"wp:featuredmedia":[{"embeddable":true,"href":"https:\/\/www.invarena.cz\/index.php?rest_route=\/wp\/v2\/media\/24717"}],"wp:attachment":[{"href":"https:\/\/www.invarena.cz\/index.php?rest_route=%2Fwp%2Fv2%2Fmedia&parent=29158"}],"wp:term":[{"taxonomy":"category","embeddable":true,"href":"https:\/\/www.invarena.cz\/index.php?rest_route=%2Fwp%2Fv2%2Fcategories&post=29158"},{"taxonomy":"post_tag","embeddable":true,"href":"https:\/\/www.invarena.cz\/index.php?rest_route=%2Fwp%2Fv2%2Ftags&post=29158"}],"curies":[{"name":"wp","href":"https:\/\/api.w.org\/{rel}","templated":true}]}}