{"id":29167,"date":"2017-09-26T11:52:56","date_gmt":"2017-09-26T09:52:56","guid":{"rendered":"http:\/\/www.invarena.cz\/?p=29167"},"modified":"2017-09-26T11:52:56","modified_gmt":"2017-09-26T09:52:56","slug":"neslysicim-pomuze-projekt-ticha-linka","status":"publish","type":"post","link":"https:\/\/www.invarena.cz\/?p=29167","title":{"rendered":"Nesly\u0161\u00edc\u00edm pom\u016f\u017ee projekt Tich\u00e1 linka"},"content":{"rendered":"<p><strong>Projekt on-line komunikace s n\u00e1zvem Tich\u00e1 linka pro osoby se sluchov\u00fdm posti\u017een\u00edm dostal od radn\u00edch Prost\u011bjova zelenou. Nesly\u0161\u00edc\u00ed si m\u016f\u017ee p\u0159es tuto slu\u017ebu zajistit tlumo\u010den\u00ed telefonick\u00e9ho hovoru, p\u0159eklad nebo \u00fapravu textu. Pro zah\u00e1jen\u00ed tlumo\u010den\u00ed je t\u0159eba se p\u0159edem objednat prost\u0159ednictv\u00edm webu na konkr\u00e9tn\u00ed \u010das. V p\u0159\u00edpad\u011b nouze funguje i pohotovost.<\/strong><br \/>\n<!--more--><br \/>\n&#8222;Samotn\u00e9 tlumo\u010den\u00ed m\u016f\u017ee prob\u00edhat prost\u0159ednictv\u00edm po\u010d\u00edta\u010de nebo notebooku s webovou kamerou a mikrofonem, mo\u017en\u00e9 je i pou\u017eit\u00ed chytr\u00e9ho telefonu nebo tabletu. Zapot\u0159eb\u00ed je p\u0159ipojen\u00ed k internetu,&#8220; uvedl n\u00e1m\u011bstek prim\u00e1torky Pavel Smetana s t\u00edm, \u017ee linka je bezplatn\u00e1.<\/p>\n<p>Prost\u011bjovsk\u00fd den\u00edk<br \/>\nhttp:\/\/prostejovsky.denik.cz\/ <\/p>\n","protected":false},"excerpt":{"rendered":"<div class=\"mh-excerpt\"><p>Projekt on-line komunikace s n\u00e1zvem Tich\u00e1 linka pro osoby se sluchov\u00fdm posti\u017een\u00edm dostal od radn\u00edch Prost\u011bjova zelenou. Nesly\u0161\u00edc\u00ed si m\u016f\u017ee p\u0159es tuto slu\u017ebu zajistit tlumo\u010den\u00ed <a class=\"mh-excerpt-more\" href=\"https:\/\/www.invarena.cz\/?p=29167\" title=\"Nesly\u0161\u00edc\u00edm pom\u016f\u017ee projekt Tich\u00e1 linka\">[&#8230;]<\/a><\/p>\n<\/div>","protected":false},"author":1,"featured_media":21736,"comment_status":"open","ping_status":"closed","sticky":false,"template":"","format":"standard","meta":{"footnotes":""},"categories":[9],"tags":[],"class_list":["post-29167","post","type-post","status-publish","format-standard","has-post-thumbnail","hentry","category-zpravy"],"_links":{"self":[{"href":"https:\/\/www.invarena.cz\/index.php?rest_route=\/wp\/v2\/posts\/29167","targetHints":{"allow":["GET"]}}],"collection":[{"href":"https:\/\/www.invarena.cz\/index.php?rest_route=\/wp\/v2\/posts"}],"about":[{"href":"https:\/\/www.invarena.cz\/index.php?rest_route=\/wp\/v2\/types\/post"}],"author":[{"embeddable":true,"href":"https:\/\/www.invarena.cz\/index.php?rest_route=\/wp\/v2\/users\/1"}],"replies":[{"embeddable":true,"href":"https:\/\/www.invarena.cz\/index.php?rest_route=%2Fwp%2Fv2%2Fcomments&post=29167"}],"version-history":[{"count":0,"href":"https:\/\/www.invarena.cz\/index.php?rest_route=\/wp\/v2\/posts\/29167\/revisions"}],"wp:featuredmedia":[{"embeddable":true,"href":"https:\/\/www.invarena.cz\/index.php?rest_route=\/wp\/v2\/media\/21736"}],"wp:attachment":[{"href":"https:\/\/www.invarena.cz\/index.php?rest_route=%2Fwp%2Fv2%2Fmedia&parent=29167"}],"wp:term":[{"taxonomy":"category","embeddable":true,"href":"https:\/\/www.invarena.cz\/index.php?rest_route=%2Fwp%2Fv2%2Fcategories&post=29167"},{"taxonomy":"post_tag","embeddable":true,"href":"https:\/\/www.invarena.cz\/index.php?rest_route=%2Fwp%2Fv2%2Ftags&post=29167"}],"curies":[{"name":"wp","href":"https:\/\/api.w.org\/{rel}","templated":true}]}}