{"id":29178,"date":"2017-09-27T05:30:00","date_gmt":"2017-09-27T03:30:00","guid":{"rendered":"http:\/\/www.invarena.cz\/?p=29178"},"modified":"2017-09-27T05:30:00","modified_gmt":"2017-09-27T03:30:00","slug":"student-z-usa-vezneny-v-kldr-byl-ve-strasnem-stavu-uvedli-rodice","status":"publish","type":"post","link":"https:\/\/www.invarena.cz\/?p=29178","title":{"rendered":"Student z USA v\u011bzn\u011bn\u00fd v KLDR byl ve stra\u0161n\u00e9m stavu, uvedli rodi\u010de"},"content":{"rendered":"<p><strong>Rodi\u010de americk\u00e9ho studenta v\u011bzn\u011bn\u00e9ho v Severn\u00ed Koreji Otty Warmbiera uvedli, \u017ee jejich syn byl po p\u0159\u00edletu do USA slep\u00fd, hluch\u00fd, prudce sebou trhal, k\u0159i\u010del a bezv\u00fdrazn\u011b z\u00edral. V rozhovoru, kter\u00fd odvys\u00edlala televize Fox News, Fred a Cindy Warmbierovi dodali, \u017ee v\u016fbec netu\u0161ili, jak zle na tom mlad\u00fd mu\u017e je. Doufali pr\u00fd, \u017ee je pouze v k\u00f3matu navozen\u00e9m l\u00e9ka\u0159i a \u017ee d\u00edky p\u00e9\u010di americk\u00fdch specialist\u016f se jeho stav zlep\u0161\u00ed. Re\u017eim v Pchjongjangu ozna\u010dili za teroristick\u00fd.<\/strong><!--more--><\/p>\n<p>Otto Warmbier byl v Severn\u00ed Koreji dr\u017een 17 m\u011bs\u00edc\u016f. Byl odsouzen k 15 let\u016fm t\u011b\u017ek\u00fdch prac\u00ed za kr\u00e1de\u017e propaga\u010dn\u00edho plak\u00e1tu v hotelu, kde byl ubytov\u00e1n. Re\u017eim ho v \u010dervnu propustil, dom\u016f se ale mlad\u00edk vr\u00e1til v k\u00f3matu a n\u00e1sledn\u011b zem\u0159el. Bylo mu 22 let. KLDR pop\u0159ela, \u017ee by byl Warmbier mu\u010den.<\/p>\n<p>&#8222;Pokou\u0161eli jsme ho uklidnit, a kdy\u017e jsme se na n\u011bj pod\u00edvali, vypadalo to, jako by mu n\u011bkdo kle\u0161t\u011bmi zp\u0159eh\u00e1zel v\u0161echny doln\u00ed zuby,&#8220; uvedl Fred Warmbier v prvn\u00edm interview od synovy smrti. Mlad\u00edk m\u011bl podle n\u011bj oholenou hlavu a v nose zavedenou vy\u017eivovac\u00ed trubi\u010dku.<\/p>\n<p>&#8222;\u0160li jsme k letadlu, motory je\u0161t\u011b vr\u010dely, pr\u00e1v\u011b p\u0159ist\u00e1li&#8230; byli jsme v p\u016flce sch\u016fdk\u016f, kdy\u017e jsme usly\u0161eli ten kv\u00edliv\u00fd, nekontrolovan\u00fd, nelidsk\u00fd zvuk,&#8220; dodal. Warmbierova matka v prvn\u00ed chv\u00edli z letadla utekla.<\/p>\n<p>Americk\u00fd prezident Donald Trump ozna\u010dil rozhovor na twitteru za v\u00fdborn\u00fd. &#8222;Otto v Severn\u00ed Koreji podstoupil neuv\u011b\u0159iteln\u00e9 mu\u010den\u00ed,&#8220; dodal.<\/p>\n","protected":false},"excerpt":{"rendered":"<div class=\"mh-excerpt\"><p>Rodi\u010de americk\u00e9ho studenta v\u011bzn\u011bn\u00e9ho v Severn\u00ed Koreji Otty Warmbiera uvedli, \u017ee jejich syn byl po p\u0159\u00edletu do USA slep\u00fd, hluch\u00fd, prudce sebou trhal, k\u0159i\u010del a <a class=\"mh-excerpt-more\" href=\"https:\/\/www.invarena.cz\/?p=29178\" title=\"Student z USA v\u011bzn\u011bn\u00fd v KLDR byl ve stra\u0161n\u00e9m stavu, uvedli rodi\u010de\">[&#8230;]<\/a><\/p>\n<\/div>","protected":false},"author":1,"featured_media":0,"comment_status":"open","ping_status":"closed","sticky":false,"template":"","format":"standard","meta":{"footnotes":""},"categories":[9],"tags":[],"class_list":["post-29178","post","type-post","status-publish","format-standard","hentry","category-zpravy"],"_links":{"self":[{"href":"https:\/\/www.invarena.cz\/index.php?rest_route=\/wp\/v2\/posts\/29178","targetHints":{"allow":["GET"]}}],"collection":[{"href":"https:\/\/www.invarena.cz\/index.php?rest_route=\/wp\/v2\/posts"}],"about":[{"href":"https:\/\/www.invarena.cz\/index.php?rest_route=\/wp\/v2\/types\/post"}],"author":[{"embeddable":true,"href":"https:\/\/www.invarena.cz\/index.php?rest_route=\/wp\/v2\/users\/1"}],"replies":[{"embeddable":true,"href":"https:\/\/www.invarena.cz\/index.php?rest_route=%2Fwp%2Fv2%2Fcomments&post=29178"}],"version-history":[{"count":0,"href":"https:\/\/www.invarena.cz\/index.php?rest_route=\/wp\/v2\/posts\/29178\/revisions"}],"wp:attachment":[{"href":"https:\/\/www.invarena.cz\/index.php?rest_route=%2Fwp%2Fv2%2Fmedia&parent=29178"}],"wp:term":[{"taxonomy":"category","embeddable":true,"href":"https:\/\/www.invarena.cz\/index.php?rest_route=%2Fwp%2Fv2%2Fcategories&post=29178"},{"taxonomy":"post_tag","embeddable":true,"href":"https:\/\/www.invarena.cz\/index.php?rest_route=%2Fwp%2Fv2%2Ftags&post=29178"}],"curies":[{"name":"wp","href":"https:\/\/api.w.org\/{rel}","templated":true}]}}