{"id":29261,"date":"2017-10-11T08:21:37","date_gmt":"2017-10-11T06:21:37","guid":{"rendered":"http:\/\/www.invarena.cz\/?p=29261"},"modified":"2017-10-11T08:21:37","modified_gmt":"2017-10-11T06:21:37","slug":"koluji-informace-ze-si-pri-id-3-stupne-od-rijna-nesmim-privydelat-je-to-pravda","status":"publish","type":"post","link":"https:\/\/www.invarena.cz\/?p=29261","title":{"rendered":"Koluj\u00ed informace, \u017ee si p\u0159i ID 3. stupn\u011b od \u0159\u00edjna nesm\u00edm p\u0159ivyd\u011blat. Je to pravda?"},"content":{"rendered":"<p><strong>Dotaz:<\/strong><br \/>\n<strong> M\u00e1m prosbu. Kolik si mohu vyd\u011blat p\u0159i invalidn\u00edm d\u016fchod\u011b 3. stupn\u011b. Koluj\u00ed informace o tom, \u017ee k 1.10.2017 nesm\u00ed \u017e\u00e1dn\u00fd d\u016fchodce 3. stupn\u011b si p\u0159ivyd\u011blat !? Pros\u00edm v\u00e1s, mohu pracovat ani\u017e by mi byl d\u016fchod odebr\u00e1n?<\/strong><br \/>\n<!--more--><br \/>\nOdpov\u011b\u010f:<\/p>\n<p>Nev\u00edm, kde jste narazil na informaci, \u017ee by si p\u0159\u00edjemci 3. stupn\u011b ID nemohli od 1.10.2017 p\u0159ivyd\u011blat. Jsou to informace, kter\u00e9 se nezakl\u00e1daj\u00ed na pravd\u011b.<\/p>\n<p>Ve skute\u010dnosti si p\u0159\u00edjemci ID mohou p\u0159ivyd\u011blat bez jak\u00e9hokoli omezen\u00ed co se t\u00fd\u010de v\u00fd\u0161e p\u0159\u00edjm\u016f. Jedin\u00e9 omezen\u00ed je ve vykon\u00e1van\u00e9 pracovn\u00ed \u010dinnosti a pracovn\u00edm \u00favazku.<\/p>\n<p>Odborn\u00edci, mezi kter\u00e9 pat\u0159\u00ed nap\u0159\u00edklad p\u0159edseda n\u00e1rodn\u00ed rady osob se zdravotn\u00edm posti\u017een\u00edm \u010cR V\u00e1clav Kr\u00e1sa, doporu\u010duj\u00ed, aby si p\u0159\u00edjemci 3. stupn\u011b ID nalezli zam\u011bstn\u00e1n\u00ed asi tak na t\u0159i hodiny denn\u011b. Samoz\u0159ejm\u011b je tak\u00e9 d\u016fle\u017eit\u00e9, aby vykon\u00e1van\u00e1 \u010dinnost nebyla v p\u0159\u00edm\u00e9m rozporu s Va\u0161\u00edm posti\u017een\u00edm.<\/p>\n<p>Pokud jste si do te\u010f bez probl\u00e9m\u016f p\u0159ivyd\u011bl\u00e1val, nemus\u00edte se ni\u010deho ob\u00e1vat, \u017e\u00e1dn\u00e9 zm\u011bny t\u00fdkaj\u00edc\u00ed se invalidn\u00edch d\u016fchod\u016f nevze\u0161ly v platnost.<\/p>\n<p>Ji\u0159\u00ed Marek<br \/>\ninvArena<\/p>\n","protected":false},"excerpt":{"rendered":"<div class=\"mh-excerpt\"><p>Dotaz: M\u00e1m prosbu. Kolik si mohu vyd\u011blat p\u0159i invalidn\u00edm d\u016fchod\u011b 3. stupn\u011b. Koluj\u00ed informace o tom, \u017ee k 1.10.2017 nesm\u00ed \u017e\u00e1dn\u00fd d\u016fchodce 3. stupn\u011b si <a class=\"mh-excerpt-more\" href=\"https:\/\/www.invarena.cz\/?p=29261\" title=\"Koluj\u00ed informace, \u017ee si p\u0159i ID 3. stupn\u011b od \u0159\u00edjna nesm\u00edm p\u0159ivyd\u011blat. Je to pravda?\">[&#8230;]<\/a><\/p>\n<\/div>","protected":false},"author":3,"featured_media":1253,"comment_status":"open","ping_status":"closed","sticky":false,"template":"","format":"standard","meta":{"footnotes":""},"categories":[18],"tags":[],"class_list":["post-29261","post","type-post","status-publish","format-standard","has-post-thumbnail","hentry","category-poradna"],"_links":{"self":[{"href":"https:\/\/www.invarena.cz\/index.php?rest_route=\/wp\/v2\/posts\/29261","targetHints":{"allow":["GET"]}}],"collection":[{"href":"https:\/\/www.invarena.cz\/index.php?rest_route=\/wp\/v2\/posts"}],"about":[{"href":"https:\/\/www.invarena.cz\/index.php?rest_route=\/wp\/v2\/types\/post"}],"author":[{"embeddable":true,"href":"https:\/\/www.invarena.cz\/index.php?rest_route=\/wp\/v2\/users\/3"}],"replies":[{"embeddable":true,"href":"https:\/\/www.invarena.cz\/index.php?rest_route=%2Fwp%2Fv2%2Fcomments&post=29261"}],"version-history":[{"count":0,"href":"https:\/\/www.invarena.cz\/index.php?rest_route=\/wp\/v2\/posts\/29261\/revisions"}],"wp:featuredmedia":[{"embeddable":true,"href":"https:\/\/www.invarena.cz\/index.php?rest_route=\/wp\/v2\/media\/1253"}],"wp:attachment":[{"href":"https:\/\/www.invarena.cz\/index.php?rest_route=%2Fwp%2Fv2%2Fmedia&parent=29261"}],"wp:term":[{"taxonomy":"category","embeddable":true,"href":"https:\/\/www.invarena.cz\/index.php?rest_route=%2Fwp%2Fv2%2Fcategories&post=29261"},{"taxonomy":"post_tag","embeddable":true,"href":"https:\/\/www.invarena.cz\/index.php?rest_route=%2Fwp%2Fv2%2Ftags&post=29261"}],"curies":[{"name":"wp","href":"https:\/\/api.w.org\/{rel}","templated":true}]}}