{"id":29278,"date":"2017-10-11T08:31:48","date_gmt":"2017-10-11T06:31:48","guid":{"rendered":"http:\/\/www.invarena.cz\/?p=29278"},"modified":"2017-10-11T08:31:48","modified_gmt":"2017-10-11T06:31:48","slug":"seniori-budou-moci-vyuzivat-tisnova-tlacitka","status":"publish","type":"post","link":"https:\/\/www.invarena.cz\/?p=29278","title":{"rendered":"Senio\u0159i budou moci vyu\u017e\u00edvat t\u00eds\u0148ov\u00e1 tla\u010d\u00edtka"},"content":{"rendered":"<p><strong>P\u00e9\u010de o seniory by se v Pardubic\u00edch m\u011bla roz\u0161\u00ed\u0159it. Radn\u00ed cht\u011bj\u00ed podpo\u0159it pilotn\u00ed projekt slu\u017eby T\u00eds\u0148ov\u00e1 p\u00e9\u010de Are\u00edon pro seniory a zdravotn\u011b posti\u017een\u00e9 dotac\u00ed ve v\u00fd\u0161i 208 800 korun. \u010c\u00e1st dota\u010dn\u00edch pen\u011bz je ur\u010dena na pokryt\u00ed n\u00e1klad\u016f spojen\u00fdch s pron\u00e1jmem a instalac\u00ed repasovan\u00e9ho za\u0159\u00edzen\u00ed, \u010d\u00e1st pen\u011bz p\u016fjde na pokryt\u00ed slu\u017eby.<\/strong> <!--more--><\/p>\n<p>Pardubice \u2013 U\u017eivatel bude nosit t\u00eds\u0148ov\u00e9 tla\u010d\u00edtko st\u00e1le u sebe, v p\u0159\u00edpad\u011b pot\u0159eby jej stiskne a t\u00edm automaticky aktivuje oboustrannou hlasitou komunikaci s dispe\u010dinkem T\u00eds\u0148ov\u00e9 p\u00e9\u010de Are\u00edon.<\/p>\n<p>&#8222;Oper\u00e1tor zjist\u00ed, v jak\u00e9 situaci se klient nach\u00e1z\u00ed, a vyhodnot\u00ed, jakou pomoc pot\u0159ebuje. Prost\u0159ednictv\u00edm hlasov\u00e9 slu\u017eby nav\u00edc budou eliminov\u00e1ny plan\u00e9 v\u00fdjezdy. Dispe\u010der bude tak\u00e9 jednou t\u00fddn\u011b u\u017eivatele preventivn\u011b kontaktovat a bude monitorovat jeho fyzick\u00fd a psychick\u00fd stav. U\u017eivatel\u00e9 a jejich rodiny se na oper\u00e1tora v\u0161ak mohou obr\u00e1tit i v p\u0159\u00edpad\u011b, pokud budou pot\u0159ebovat poradit v oblasti jin\u00fdch n\u00e1vazn\u00fdch soci\u00e1ln\u00edch slu\u017eeb,&#8220; uvedl n\u00e1m\u011bstek prim\u00e1tora Jakub Rychteck\u00fd.<\/p>\n<p>Krom\u011b tla\u010d\u00edtka bude klient vybaven i \u010didlem pohybu, je\u017e bude monitorovat aktivitu klienta a v p\u0159\u00edpad\u011b del\u0161\u00ed doby bez pohybu dispe\u010dink upozorn\u00ed.<\/p>\n<p>&#8222;D\u00edky tomu je pomoc zaji\u0161t\u011bna i tehdy, kdy se u\u017eivatel ocitne v krizov\u00e9 situaci, nebude m\u00edt t\u00eds\u0148ov\u00e9 tla\u010d\u00edtko u sebe nebo nebude schopen jej stisknout. \u010cidlo m\u016f\u017ee nav\u00edc detekovat tak\u00e9 ne\u017e\u00e1douc\u00ed pohyb v byt\u011b a p\u016fsobit tak jako prevence kriminality,&#8220; doplnil Zden\u011bk Linhart, p\u0159edseda Komise pro soci\u00e1ln\u00ed a zdravotn\u00ed v\u011bci p\u0159i Rad\u011b m\u011bsta Pardubic.<\/p>\n<p>Podobnou slu\u017ebu v sou\u010dasn\u00e9 dob\u011b pro Pardubice ji\u017e zaji\u0161\u0165uje m\u011bstsk\u00e1 policie, a to zdarma prost\u0159ednictv\u00edm pultu centralizovan\u00e9 ochrany o kapacit\u011b \u0161edes\u00e1ti klient\u016f. &#8222;Po\u010det \u017e\u00e1dost\u00ed v\u0161ak toto \u010d\u00edslo zna\u010dn\u011b p\u0159evy\u0161uje. Nav\u00edc se nejedn\u00e1 o soci\u00e1ln\u00ed slu\u017ebu,&#8220; \u0159ekl Rychteck\u00fd.<\/p>\n<p>Pardubick\u00fd den\u00edk<br \/>\n<a href=\"http:\/\/pardubicky.denik.cz\/\">http:\/\/pardubicky.denik.cz\/<\/a><\/p>\n","protected":false},"excerpt":{"rendered":"<div class=\"mh-excerpt\"><p>P\u00e9\u010de o seniory by se v Pardubic\u00edch m\u011bla roz\u0161\u00ed\u0159it. Radn\u00ed cht\u011bj\u00ed podpo\u0159it pilotn\u00ed projekt slu\u017eby T\u00eds\u0148ov\u00e1 p\u00e9\u010de Are\u00edon pro seniory a zdravotn\u011b posti\u017een\u00e9 dotac\u00ed ve <a class=\"mh-excerpt-more\" href=\"https:\/\/www.invarena.cz\/?p=29278\" title=\"Senio\u0159i budou moci vyu\u017e\u00edvat t\u00eds\u0148ov\u00e1 tla\u010d\u00edtka\">[&#8230;]<\/a><\/p>\n<\/div>","protected":false},"author":1,"featured_media":19372,"comment_status":"open","ping_status":"closed","sticky":false,"template":"","format":"standard","meta":{"footnotes":""},"categories":[9],"tags":[],"class_list":["post-29278","post","type-post","status-publish","format-standard","has-post-thumbnail","hentry","category-zpravy"],"_links":{"self":[{"href":"https:\/\/www.invarena.cz\/index.php?rest_route=\/wp\/v2\/posts\/29278","targetHints":{"allow":["GET"]}}],"collection":[{"href":"https:\/\/www.invarena.cz\/index.php?rest_route=\/wp\/v2\/posts"}],"about":[{"href":"https:\/\/www.invarena.cz\/index.php?rest_route=\/wp\/v2\/types\/post"}],"author":[{"embeddable":true,"href":"https:\/\/www.invarena.cz\/index.php?rest_route=\/wp\/v2\/users\/1"}],"replies":[{"embeddable":true,"href":"https:\/\/www.invarena.cz\/index.php?rest_route=%2Fwp%2Fv2%2Fcomments&post=29278"}],"version-history":[{"count":0,"href":"https:\/\/www.invarena.cz\/index.php?rest_route=\/wp\/v2\/posts\/29278\/revisions"}],"wp:featuredmedia":[{"embeddable":true,"href":"https:\/\/www.invarena.cz\/index.php?rest_route=\/wp\/v2\/media\/19372"}],"wp:attachment":[{"href":"https:\/\/www.invarena.cz\/index.php?rest_route=%2Fwp%2Fv2%2Fmedia&parent=29278"}],"wp:term":[{"taxonomy":"category","embeddable":true,"href":"https:\/\/www.invarena.cz\/index.php?rest_route=%2Fwp%2Fv2%2Fcategories&post=29278"},{"taxonomy":"post_tag","embeddable":true,"href":"https:\/\/www.invarena.cz\/index.php?rest_route=%2Fwp%2Fv2%2Ftags&post=29278"}],"curies":[{"name":"wp","href":"https:\/\/api.w.org\/{rel}","templated":true}]}}