{"id":29294,"date":"2017-10-13T17:34:14","date_gmt":"2017-10-13T15:34:14","guid":{"rendered":"http:\/\/www.invarena.cz\/?p=29294"},"modified":"2017-10-13T17:34:14","modified_gmt":"2017-10-13T15:34:14","slug":"lidem-se-svalovou-atrofii-svitla-nadeje-ministerstvo-pro-ne-chce-novy-lek","status":"publish","type":"post","link":"https:\/\/www.invarena.cz\/?p=29294","title":{"rendered":"Lidem se svalovou atrofi\u00ed svitla nad\u011bje, ministerstvo pro n\u011b chce nov\u00fd l\u00e9k"},"content":{"rendered":"<p><strong>Pacienti trp\u00edc\u00ed spin\u00e1ln\u00ed svalovou atrofi\u00ed, kter\u00e1 je prozat\u00edm nevyl\u00e9\u010ditelnou chorobou, maj\u00ed \u0161anci na zlep\u0161en\u00ed \u010di udr\u017een\u00ed zdravotn\u00edho stavu. Ministerstvo zdravotnictv\u00ed jedn\u00e1 o zp\u0159\u00edstupn\u011bn\u00ed nov\u00e9ho l\u00e9ku. Ten prozat\u00edm u\u017e\u00edv\u00e1 jedna mlad\u00e1 pacientka, na jej\u00ed\u017e l\u00e9\u010db\u011b se dohodla motolsk\u00e1 nemocnice s Vojenskou zdravotn\u00ed poji\u0161\u0165ovnou.<\/strong><!--more--><\/p>\n<p>Cel\u00fd \u010dl\u00e1nek <a href=\"https:\/\/www.novinky.cz\/domaci\/451856-lidem-se-svalovou-atrofii-svitla-nadeje-ministerstvo-pro-ne-chce-novy-lek.html\">ZDE<\/a><\/p>\n","protected":false},"excerpt":{"rendered":"<div class=\"mh-excerpt\"><p>Pacienti trp\u00edc\u00ed spin\u00e1ln\u00ed svalovou atrofi\u00ed, kter\u00e1 je prozat\u00edm nevyl\u00e9\u010ditelnou chorobou, maj\u00ed \u0161anci na zlep\u0161en\u00ed \u010di udr\u017een\u00ed zdravotn\u00edho stavu. Ministerstvo zdravotnictv\u00ed jedn\u00e1 o zp\u0159\u00edstupn\u011bn\u00ed nov\u00e9ho l\u00e9ku. <a class=\"mh-excerpt-more\" href=\"https:\/\/www.invarena.cz\/?p=29294\" title=\"Lidem se svalovou atrofi\u00ed svitla nad\u011bje, ministerstvo pro n\u011b chce nov\u00fd l\u00e9k\">[&#8230;]<\/a><\/p>\n<\/div>","protected":false},"author":1,"featured_media":14245,"comment_status":"open","ping_status":"closed","sticky":false,"template":"","format":"standard","meta":{"footnotes":""},"categories":[9],"tags":[],"class_list":["post-29294","post","type-post","status-publish","format-standard","has-post-thumbnail","hentry","category-zpravy"],"_links":{"self":[{"href":"https:\/\/www.invarena.cz\/index.php?rest_route=\/wp\/v2\/posts\/29294","targetHints":{"allow":["GET"]}}],"collection":[{"href":"https:\/\/www.invarena.cz\/index.php?rest_route=\/wp\/v2\/posts"}],"about":[{"href":"https:\/\/www.invarena.cz\/index.php?rest_route=\/wp\/v2\/types\/post"}],"author":[{"embeddable":true,"href":"https:\/\/www.invarena.cz\/index.php?rest_route=\/wp\/v2\/users\/1"}],"replies":[{"embeddable":true,"href":"https:\/\/www.invarena.cz\/index.php?rest_route=%2Fwp%2Fv2%2Fcomments&post=29294"}],"version-history":[{"count":0,"href":"https:\/\/www.invarena.cz\/index.php?rest_route=\/wp\/v2\/posts\/29294\/revisions"}],"wp:featuredmedia":[{"embeddable":true,"href":"https:\/\/www.invarena.cz\/index.php?rest_route=\/wp\/v2\/media\/14245"}],"wp:attachment":[{"href":"https:\/\/www.invarena.cz\/index.php?rest_route=%2Fwp%2Fv2%2Fmedia&parent=29294"}],"wp:term":[{"taxonomy":"category","embeddable":true,"href":"https:\/\/www.invarena.cz\/index.php?rest_route=%2Fwp%2Fv2%2Fcategories&post=29294"},{"taxonomy":"post_tag","embeddable":true,"href":"https:\/\/www.invarena.cz\/index.php?rest_route=%2Fwp%2Fv2%2Ftags&post=29294"}],"curies":[{"name":"wp","href":"https:\/\/api.w.org\/{rel}","templated":true}]}}