{"id":29391,"date":"2017-10-27T09:32:18","date_gmt":"2017-10-27T07:32:18","guid":{"rendered":"http:\/\/www.invarena.cz\/?p=29391"},"modified":"2017-10-27T09:32:18","modified_gmt":"2017-10-27T07:32:18","slug":"invalidovi-nechteji-sousede-dovolit-stavbu-plosiny","status":"publish","type":"post","link":"https:\/\/www.invarena.cz\/?p=29391","title":{"rendered":"Invalidovi necht\u011bj\u00ed soused\u00e9 dovolit stavbu plo\u0161iny"},"content":{"rendered":"<p><strong>P\u0159\u00edb\u011bh Radka Pokruty z Prost\u011bjova. P\u0159ed n\u011bkolika lety utrp\u011bl v\u00e1\u017en\u00fd pracovn\u00ed \u00faraz, po kter\u00e9m ochrnul a dlouho se l\u00e9\u010dil. Te\u010f by se r\u00e1d vr\u00e1til do sv\u00e9ho bytu. Narazil ale na nep\u0159ekonateln\u00fd probl\u00e9m. Soused\u00e9 mu necht\u011bj\u00ed povolit stavbu plo\u0161iny pro voz\u00ed\u010dk\u00e1\u0159e.<\/strong><!--more--><\/p>\n<p>Je\u0161t\u011b p\u0159ed sedmi lety byl usm\u011bvav\u00fd Radek v\u00fdborn\u00fd tane\u010dn\u00edk, sportovec a \u010dinorod\u00fd \u010dlov\u011bk. Pak ale p\u0159i\u0161lo n\u011bkolik vte\u0159in, kter\u00e9 ho m\u00e1lem st\u00e1ly \u017eivot. D\u00edky sv\u00e9 siln\u00e9 v\u016fli se znovu vrac\u00ed do \u017eivota a el\u00e1n, kter\u00fd z n\u011bj vyza\u0159uje, by mu mohl leckdo z\u00e1vid\u011bt.<\/p>\n<p>Radek POKRUTA, vlastn\u00edk bytu:<br \/>\nNa\u0161i se o m\u011b starali dlouho a te\u010f jsem si na\u0161el p\u0159\u00edtelkyni, tak se to v\u0161echno obrac\u00ed v dobr\u00e9.<\/p>\n<p>redaktor:<br \/>\nRadek se cht\u011bl se svoj\u00ed novou partnerkou nast\u011bhovat do bytu po rodi\u010d\u00edch ve \u010dtvrt\u00e9m pat\u0159e, kde bydlel i p\u0159ed \u00farazem. Jen\u017ee, aby se do n\u011bj dostal, pot\u0159ebuje plo\u0161inu pro invalidy. S \u017e\u00e1dost\u00ed o jej\u00ed instalaci ale u soused\u016f tvrd\u011b narazil. Zdej\u0161\u00ed obyvatel\u00e9 argumentuj\u00ed hlavn\u011b t\u00edm, \u017ee by se z\u00fa\u017eila celkov\u00e1 \u0161\u00ed\u0159ka schodi\u0161t\u011b. Na kameru s n\u00e1mi ale nikdo mluvit necht\u011bl.<\/p>\n<p>sousedka:<br \/>\nNe, ne, ne, ne &#8230;<\/p>\n<p>redaktor:<br \/>\n\u017de m\u00e1 probl\u00e9my s t\u00edm, \u017ee mu tady lid\u00e9 z domu &#8230;<\/p>\n<p>soused:<br \/>\nNo, d\u011bkuju, na shledanou.<\/p>\n<p>redaktor:<br \/>\nNechcete?<\/p>\n<p>sousedka:<br \/>\nNe, ne, ne, ne, ne, d\u011bkuju p\u011bkn\u011b.<\/p>\n<p>redaktor:<br \/>\nNechcete.<\/p>\n<p>Radek POKRUTA, vlastn\u00edk bytu:<br \/>\nZd\u016fvodnili, \u017ee by to bylo \u00fazk\u00e9 schodi\u0161t\u011b, \u017ee by tam, tam byl rachot a tak d\u00e1le, co\u017e je nesmysl.<\/p>\n<p>redaktor:<br \/>\nKonstrukci, po kter\u00e9 se pohybuje plo\u0161ina, asi ka\u017ed\u00fd z n\u00e1s zn\u00e1. Je schv\u00e1ln\u011b navr\u017eena tak, aby zab\u00edrala co nejm\u00e9n\u011b m\u00edsta. Radek nav\u00edc nab\u00eddl, \u017ee by plo\u0161inu mohli u\u017e\u00edvat v\u0161ichni soused\u00e9. Je mezi nimi velk\u00e9 mno\u017estv\u00ed star\u0161\u00edch lid\u00ed, ve\u0161ker\u00e9 p\u0159esv\u011bd\u010dov\u00e1n\u00ed ale bylo marn\u00e9. Drtiv\u00e1 v\u011bt\u0161ina je proti.<\/p>\n<p>Radek POKRUTA, vlastn\u00edk bytu:<br \/>\nSe v\u0161ema jsem m\u011bl, d\u00e1 se \u0159\u00edct, pohodov\u00fd vztah, v\u0161ichni m\u011b znaj\u00ed, kdy\u017e jsem chodil, pomohl jsem jim.<\/p>\n<p>Jana POKRUTOV\u00c1, Radkova matka:<br \/>\nMan\u017eel to stav\u011bl a d\u011bti se n\u00e1m tady vlastn\u011b narodily. Ten p\u0159\u00edstup je od nich takov\u00fd, \u017ee to prost\u011b je neuv\u011b\u0159iteln\u00e9, no.<\/p>\n<p> redaktor:<br \/>\nPodle samotn\u00fdch voz\u00ed\u010dk\u00e1\u0159\u016f podobn\u00e9 p\u0159\u00edpady bohu\u017eel nejsou ojedin\u011bl\u00e9.<\/p>\n<p>Milan LANGER, p\u0159edseda spolku Trend voz\u00ed\u010dk\u00e1\u0159\u016f Olomouc:<br \/>\nNikdo nev\u00ed, kdy s\u00e1m bude pot\u0159ebovat podobn\u00e9 za\u0159\u00edzen\u00ed k tomu, aby mohl \u017e\u00edt svobodn\u00fdm a b\u011b\u017en\u00fdm zp\u016fsobem \u017eivota.<\/p>\n<p>redaktor:<br \/>\nRadek se nevzd\u00e1v\u00e1. Sv\u016fj byt sice nejsp\u00ed\u0161 bude muset prodat, ale u\u017e te\u010f hled\u00e1 v Prost\u011bjov\u011b nov\u00e9 bydlen\u00ed, kde se sv\u00fdm voz\u00edkem probl\u00e9my m\u00edt nebude. <\/p>\n<p>Tom\u00e1\u0161 Petr\u017eela, Prima FTV. <\/p>\n","protected":false},"excerpt":{"rendered":"<div class=\"mh-excerpt\"><p>P\u0159\u00edb\u011bh Radka Pokruty z Prost\u011bjova. P\u0159ed n\u011bkolika lety utrp\u011bl v\u00e1\u017en\u00fd pracovn\u00ed \u00faraz, po kter\u00e9m ochrnul a dlouho se l\u00e9\u010dil. Te\u010f by se r\u00e1d vr\u00e1til do <a class=\"mh-excerpt-more\" href=\"https:\/\/www.invarena.cz\/?p=29391\" title=\"Invalidovi necht\u011bj\u00ed soused\u00e9 dovolit stavbu plo\u0161iny\">[&#8230;]<\/a><\/p>\n<\/div>","protected":false},"author":1,"featured_media":5967,"comment_status":"open","ping_status":"closed","sticky":false,"template":"","format":"standard","meta":{"footnotes":""},"categories":[7],"tags":[],"class_list":["post-29391","post","type-post","status-publish","format-standard","has-post-thumbnail","hentry","category-spolecnost"],"_links":{"self":[{"href":"https:\/\/www.invarena.cz\/index.php?rest_route=\/wp\/v2\/posts\/29391","targetHints":{"allow":["GET"]}}],"collection":[{"href":"https:\/\/www.invarena.cz\/index.php?rest_route=\/wp\/v2\/posts"}],"about":[{"href":"https:\/\/www.invarena.cz\/index.php?rest_route=\/wp\/v2\/types\/post"}],"author":[{"embeddable":true,"href":"https:\/\/www.invarena.cz\/index.php?rest_route=\/wp\/v2\/users\/1"}],"replies":[{"embeddable":true,"href":"https:\/\/www.invarena.cz\/index.php?rest_route=%2Fwp%2Fv2%2Fcomments&post=29391"}],"version-history":[{"count":0,"href":"https:\/\/www.invarena.cz\/index.php?rest_route=\/wp\/v2\/posts\/29391\/revisions"}],"wp:featuredmedia":[{"embeddable":true,"href":"https:\/\/www.invarena.cz\/index.php?rest_route=\/wp\/v2\/media\/5967"}],"wp:attachment":[{"href":"https:\/\/www.invarena.cz\/index.php?rest_route=%2Fwp%2Fv2%2Fmedia&parent=29391"}],"wp:term":[{"taxonomy":"category","embeddable":true,"href":"https:\/\/www.invarena.cz\/index.php?rest_route=%2Fwp%2Fv2%2Fcategories&post=29391"},{"taxonomy":"post_tag","embeddable":true,"href":"https:\/\/www.invarena.cz\/index.php?rest_route=%2Fwp%2Fv2%2Ftags&post=29391"}],"curies":[{"name":"wp","href":"https:\/\/api.w.org\/{rel}","templated":true}]}}