{"id":29421,"date":"2017-11-01T19:08:29","date_gmt":"2017-11-01T18:08:29","guid":{"rendered":"http:\/\/www.invarena.cz\/?p=29421"},"modified":"2017-11-01T19:08:29","modified_gmt":"2017-11-01T18:08:29","slug":"postizena-s-detmi-vyhozena-na-ulici-dostava-novou-sanci-prispeli-darci","status":"publish","type":"post","link":"https:\/\/www.invarena.cz\/?p=29421","title":{"rendered":"Posti\u017een\u00e1 s d\u011btmi vyhozen\u00e1 na ulici dost\u00e1v\u00e1 novou \u0161anci, p\u0159isp\u011bli d\u00e1rci"},"content":{"rendered":"<p><strong>Pomoci od \u0159ady d\u00e1rc\u016f se do\u010dkala Pavla Karafov\u00e1, t\u011blesn\u011b posti\u017een\u00e1 matka, kter\u00e1 p\u0159ed dv\u011bma t\u00fddny skon\u010dila v Olomouci na ulici i s novorozen\u00fdm d\u00edt\u011btem a star\u0161\u00ed t\u0159\u00edletou dcerou pot\u00e9, co byla ze dne na den vyst\u011bhov\u00e1na z ubytovny. Na speci\u00e1ln\u00ed konto lid\u00e9 poslali n\u011bkolik des\u00edtek tis\u00edc korun, d\u00edky nim\u017e \u017eena dostane druhou \u0161anci z\u00edskat byt.<\/strong> <!--more--><\/p>\n<p>Cel\u00fd \u010dl\u00e1nek <a href=\"https:\/\/olomouc.idnes.cz\/pavla-karafova-postizena-zena-s-detmi-charita-pomoc-dary-vystehovani-ubytovna-191-\/olomouc-zpravy.aspx?c=A171031_361492_olomouc-zpravy_stk\">ZDE<\/a><\/p>\n","protected":false},"excerpt":{"rendered":"<div class=\"mh-excerpt\"><p>Pomoci od \u0159ady d\u00e1rc\u016f se do\u010dkala Pavla Karafov\u00e1, t\u011blesn\u011b posti\u017een\u00e1 matka, kter\u00e1 p\u0159ed dv\u011bma t\u00fddny skon\u010dila v Olomouci na ulici i s novorozen\u00fdm d\u00edt\u011btem a <a class=\"mh-excerpt-more\" href=\"https:\/\/www.invarena.cz\/?p=29421\" title=\"Posti\u017een\u00e1 s d\u011btmi vyhozen\u00e1 na ulici dost\u00e1v\u00e1 novou \u0161anci, p\u0159isp\u011bli d\u00e1rci\">[&#8230;]<\/a><\/p>\n<\/div>","protected":false},"author":1,"featured_media":0,"comment_status":"open","ping_status":"closed","sticky":false,"template":"","format":"standard","meta":{"footnotes":""},"categories":[9],"tags":[],"class_list":["post-29421","post","type-post","status-publish","format-standard","hentry","category-zpravy"],"_links":{"self":[{"href":"https:\/\/www.invarena.cz\/index.php?rest_route=\/wp\/v2\/posts\/29421","targetHints":{"allow":["GET"]}}],"collection":[{"href":"https:\/\/www.invarena.cz\/index.php?rest_route=\/wp\/v2\/posts"}],"about":[{"href":"https:\/\/www.invarena.cz\/index.php?rest_route=\/wp\/v2\/types\/post"}],"author":[{"embeddable":true,"href":"https:\/\/www.invarena.cz\/index.php?rest_route=\/wp\/v2\/users\/1"}],"replies":[{"embeddable":true,"href":"https:\/\/www.invarena.cz\/index.php?rest_route=%2Fwp%2Fv2%2Fcomments&post=29421"}],"version-history":[{"count":0,"href":"https:\/\/www.invarena.cz\/index.php?rest_route=\/wp\/v2\/posts\/29421\/revisions"}],"wp:attachment":[{"href":"https:\/\/www.invarena.cz\/index.php?rest_route=%2Fwp%2Fv2%2Fmedia&parent=29421"}],"wp:term":[{"taxonomy":"category","embeddable":true,"href":"https:\/\/www.invarena.cz\/index.php?rest_route=%2Fwp%2Fv2%2Fcategories&post=29421"},{"taxonomy":"post_tag","embeddable":true,"href":"https:\/\/www.invarena.cz\/index.php?rest_route=%2Fwp%2Fv2%2Ftags&post=29421"}],"curies":[{"name":"wp","href":"https:\/\/api.w.org\/{rel}","templated":true}]}}