{"id":29453,"date":"2017-11-06T19:30:48","date_gmt":"2017-11-06T18:30:48","guid":{"rendered":"http:\/\/www.invarena.cz\/?p=29453"},"modified":"2017-11-06T19:30:48","modified_gmt":"2017-11-06T18:30:48","slug":"pomozte-zdravotne-postizene-holcicce","status":"publish","type":"post","link":"https:\/\/www.invarena.cz\/?p=29453","title":{"rendered":"Pomozte zdravotn\u011b posti\u017een\u00e9 hol\u010di\u010dce"},"content":{"rendered":"<p><strong>Ve\u0159ejnou sb\u00edrku na \u00fahradu terapie v Neurorehabilita\u010dn\u00ed klinice Axon v Praze, kter\u00e1 m\u00e1 pomoci dvoulet\u00e9 Toni\u010dce Kaplanov\u00e9, vyhl\u00e1sil Karlovarsk\u00fd kraj. Mal\u00e1 Toni\u010dka \u017eije se sv\u00fdmi rodi\u010di v Karlov\u00fdch Varech. Od narozen\u00ed trp\u00ed kvadruspastickou formou d\u011btsk\u00e9 mozkov\u00e9 obrny, je\u017e j\u00ed znemo\u017e\u0148uje b\u011b\u017en\u00fd pohyb, a kataraktou obou o\u010d\u00ed.<\/strong> <!--more--><\/p>\n<p>Karlovy Vary \u2013 &#8222;Toni\u010dka a jej\u00ed rodi\u010de jsou velmi state\u010dn\u00ed a sna\u017e\u00ed se s onemocn\u011bn\u00edm bojovat ze v\u0161ech sil. To, co jim ov\u0161em sch\u00e1z\u00ed, jsou pot\u0159ebn\u00e9 pen\u00edze,&#8220; uvedla hejtmanka Jana Vildumetzov\u00e1.<\/p>\n<p>Vzhledem k pohybov\u00fdm pot\u00ed\u017e\u00edm by hol\u010di\u010dce moc pomohla l\u00e9\u010dba na vysoce specializovan\u00e9 soukrom\u00e9 klinice v Praze, kter\u00e1 poskytuje intenzivn\u00ed terapii pacient\u016fm s d\u011btskou mozkovou obrnou.<\/p>\n<p>&#8222;V\u011b\u0159\u00edm proto, \u017ee lid\u00e9 nebudou k osudu mal\u00e9 Toni\u010dky lhostejn\u00ed a spole\u010dn\u011b se n\u00e1m poda\u0159\u00ed vybrat co nejv\u00edce finan\u010dn\u00edch prost\u0159edk\u016f na zrealizov\u00e1n\u00ed pot\u0159ebn\u00e9 l\u00e9\u010dby,&#8220; poznamenala Vildumetzov\u00e1. Rada Karlovarsk\u00e9ho kraje odsouhlasila uspo\u0159\u00e1d\u00e1n\u00ed ve\u0159ejn\u00e9 sb\u00edrky na dobu neur\u010ditou. Lid\u00e9 tak budou moci p\u0159isp\u00edvat do sb\u011brac\u00edch pokladni\u010dek, kter\u00e9 budou um\u00edst\u011bny na nejr\u016fzn\u011bj\u0161\u00edch akc\u00edch v Karlovarsk\u00e9m kraji. P\u0159isp\u011bt lze tak\u00e9 na speci\u00e1ln\u00ed bankovn\u00ed \u00fa\u010det, jeho\u017e \u010d\u00edslo je 115-5167200277\/0100.<\/p>\n<p>Chebsk\u00fd den\u00edk<br \/>\n<a href=\"http:\/\/chebsky.denik.cz\/\">http:\/\/chebsky.denik.cz\/<\/a><\/p>\n","protected":false},"excerpt":{"rendered":"<div class=\"mh-excerpt\"><p>Ve\u0159ejnou sb\u00edrku na \u00fahradu terapie v Neurorehabilita\u010dn\u00ed klinice Axon v Praze, kter\u00e1 m\u00e1 pomoci dvoulet\u00e9 Toni\u010dce Kaplanov\u00e9, vyhl\u00e1sil Karlovarsk\u00fd kraj. Mal\u00e1 Toni\u010dka \u017eije se sv\u00fdmi <a class=\"mh-excerpt-more\" href=\"https:\/\/www.invarena.cz\/?p=29453\" title=\"Pomozte zdravotn\u011b posti\u017een\u00e9 hol\u010di\u010dce\">[&#8230;]<\/a><\/p>\n<\/div>","protected":false},"author":1,"featured_media":14134,"comment_status":"open","ping_status":"closed","sticky":false,"template":"","format":"standard","meta":{"footnotes":""},"categories":[9],"tags":[],"class_list":["post-29453","post","type-post","status-publish","format-standard","has-post-thumbnail","hentry","category-zpravy"],"_links":{"self":[{"href":"https:\/\/www.invarena.cz\/index.php?rest_route=\/wp\/v2\/posts\/29453","targetHints":{"allow":["GET"]}}],"collection":[{"href":"https:\/\/www.invarena.cz\/index.php?rest_route=\/wp\/v2\/posts"}],"about":[{"href":"https:\/\/www.invarena.cz\/index.php?rest_route=\/wp\/v2\/types\/post"}],"author":[{"embeddable":true,"href":"https:\/\/www.invarena.cz\/index.php?rest_route=\/wp\/v2\/users\/1"}],"replies":[{"embeddable":true,"href":"https:\/\/www.invarena.cz\/index.php?rest_route=%2Fwp%2Fv2%2Fcomments&post=29453"}],"version-history":[{"count":0,"href":"https:\/\/www.invarena.cz\/index.php?rest_route=\/wp\/v2\/posts\/29453\/revisions"}],"wp:featuredmedia":[{"embeddable":true,"href":"https:\/\/www.invarena.cz\/index.php?rest_route=\/wp\/v2\/media\/14134"}],"wp:attachment":[{"href":"https:\/\/www.invarena.cz\/index.php?rest_route=%2Fwp%2Fv2%2Fmedia&parent=29453"}],"wp:term":[{"taxonomy":"category","embeddable":true,"href":"https:\/\/www.invarena.cz\/index.php?rest_route=%2Fwp%2Fv2%2Fcategories&post=29453"},{"taxonomy":"post_tag","embeddable":true,"href":"https:\/\/www.invarena.cz\/index.php?rest_route=%2Fwp%2Fv2%2Ftags&post=29453"}],"curies":[{"name":"wp","href":"https:\/\/api.w.org\/{rel}","templated":true}]}}