{"id":29459,"date":"2017-11-07T14:51:34","date_gmt":"2017-11-07T13:51:34","guid":{"rendered":"http:\/\/www.invarena.cz\/?p=29459"},"modified":"2017-11-07T14:51:34","modified_gmt":"2017-11-07T13:51:34","slug":"nuzky-mezi-darkynemi-vajicek-a-temi-co-je-potrebuji-se-rozeviraji","status":"publish","type":"post","link":"https:\/\/www.invarena.cz\/?p=29459","title":{"rendered":"N\u016f\u017eky mezi d\u00e1rkyn\u011bmi vaj\u00ed\u010dek a t\u011bmi, co je pot\u0159ebuj\u00ed, se rozev\u00edraj\u00ed"},"content":{"rendered":"<p><strong>Reproduk\u010dn\u00ed kliniky \u201ehladov\u00ed\u201c po kvalitn\u00edch vaj\u00ed\u010dk\u00e1ch. L\u00e9ka\u0159i reproduk\u010dn\u00edch klinik stoj\u00ed p\u0159ed ne\u0159e\u0161iteln\u00fdm probl\u00e9mem \u2013 po\u010det neplodn\u00fdch, kte\u0159\u00ed pot\u0159ebuj\u00ed ciz\u00ed vaj\u00ed\u010dka \u2013 oocyty, roste. Ochotn\u00e9 d\u00e1rkyn\u011b v\u0161ak nesta\u010d\u00ed tuto popt\u00e1vku pokr\u00fdvat. Reproduk\u010dn\u00ed kliniky tak prakticky neust\u00e1le \u201chladov\u00ed\u201d po kvalitn\u00edch d\u00e1rkyn\u00edch vaj\u00ed\u010dek. <\/strong><!--more--><\/p>\n<p>\u201eLogicky to vypl\u00fdv\u00e1 ze situace, kdy se za posledn\u00edch 10 let zv\u00fd\u0161il pr\u016fm\u011brn\u00fd v\u011bk \u017een, kter\u00e9 k n\u00e1m chod\u00ed s pot\u00ed\u017eemi s po\u010det\u00edm. P\u0159ich\u00e1zej\u00ed kolem 36. roku \u2013 tedy o 5 let pozd\u011bji ne\u017e tomu bylo v ned\u00e1vn\u00e9 minulosti. Ub\u00fdv\u00e1 n\u00e1m man\u00e9vrovac\u00edho prostoru, a kdy\u017e se ani s na\u0161\u00ed pomoc\u00ed dal\u0161\u00ed 2 roky neda\u0159\u00ed, mus\u00edme \u010dasto p\u0159ikro\u010dit k vaj\u00ed\u010dku darovan\u00e9mu,\u201d \u0159\u00edk\u00e1 vedouc\u00ed l\u00e9ka\u0159 kliniky Reprofit MUDr. Pavel Otev\u0159el.<br \/>\nDarovan\u00fdch vaj\u00ed\u010dek v\u0161ak nen\u00ed na klinice nekone\u010dn\u00e9 mno\u017estv\u00ed. Jejich d\u00e1rkyn\u011b proch\u00e1zej\u00ed p\u0159\u00edsn\u00fdm s\u00edtem po\u017eadavk\u016f. Krom\u011b v\u011bku (18 \u2013 32 let), mus\u00ed m\u00edt minim\u00e1ln\u011b st\u0159edo\u0161kolsk\u00e9 vzd\u011bl\u00e1n\u00ed s maturitou, BMI pod 28, nesm\u00ed z\u00e1viset na drog\u00e1ch, alkoholu a cigaret\u00e1ch, a b\u00fdt psychicky zdrav\u00e9. P\u0159ed za\u0159azen\u00edm do registru d\u00e1rky\u0148 je vy\u0161et\u0159\u00ed na infek\u010dn\u00ed p\u0159enosn\u00e9 choroby, absolvuj\u00ed endokrinologick\u00e9 a genetick\u00e9 testy. \u201eTy, kter\u00e9 projdou v\u00ed, \u017ee jsou opravdu zdrav\u00e9,\u201c uji\u0161\u0165uje specialistka p\u00e9\u010de o d\u00e1rkyn\u011b Petra Michal\u010d\u00e1kov\u00e1. \u201ePo\u010det darov\u00e1n\u00ed nen\u00ed p\u0159esn\u011b stanoven, v r\u016fzn\u00fdch st\u00e1tech existuj\u00ed rozd\u00edln\u00e1 doporu\u010den\u00ed.  U n\u00e1s doporu\u010dujeme darovat vaj\u00ed\u010dka maxim\u00e1ln\u011b \u010dty\u0159ikr\u00e1t. Vzhledem k rostouc\u00edmu po\u010dtu neplodn\u00fdch p\u00e1r\u016f a st\u00e1rnouc\u00ed populaci, nebudeme m\u00edt d\u00e1rky\u0148 nikdy dost \u2013 a to stejn\u00e9 se d\u00e1 \u0159\u00edci i o d\u00e1rc\u00edch.\u201c  <\/p>\n<p>Za d\u00e1rcovstv\u00ed \u017eeny odm\u011bnu nedost\u00e1vaj\u00ed \u2013 kliniky jim ale vypl\u00e1c\u00ed kompenzaci za vynalo\u017een\u00e9 n\u00e1klady a\u017e do v\u00fd\u0161e 25 000 korun. Podle Petry Michal\u010d\u00e1kov\u00e9 nejsou pen\u00edze hlavn\u00ed motivac\u00ed, z\u00e1sadn\u00ed roli hraje ochota pomoci m\u00e9n\u011b \u0161\u0165astn\u00fdm. \u201eSama jsem d\u00e1rkyn\u00ed. O mo\u017enosti darovat jsem se dozv\u011bd\u011bla od dvou kamar\u00e1dek. Vysv\u011btlily mi, jak cel\u00e9 d\u00e1rcovstv\u00ed prob\u00edh\u00e1, a tak\u00e9 \u017ee jejich odb\u011bry byly naprosto bezprobl\u00e9mov\u00e9. Jeliko\u017e jsem se brzy stala sama dvojn\u00e1sobnou maminkou, tak jsem se rozhodla pomoci k mate\u0159stv\u00ed i jin\u00e9 \u017een\u011b. Darovala jsem 3x a rozhodn\u011b nelituji, je skv\u011bl\u00fd pocit dopomoci k nov\u00e9mu \u017eivotu,\u201c sv\u011b\u0159uje Michal\u010d\u00e1kov\u00e1.  <\/p>\n<p>\u201ePen\u00edze motivuj\u00ed soci\u00e1ln\u011b ni\u017e\u0161\u00ed vrstvy,  po t\u011bch ale zase nen\u00ed popt\u00e1vka. Budouc\u00ed rodi\u010de jsou velmi n\u00e1ro\u010dn\u00ed a p\u0159esto\u017ee si nesm\u00ed vybrat konkr\u00e9tn\u00ed d\u00e1rkyni, maj\u00ed po\u017eadavky na jej\u00ed vzd\u011bl\u00e1n\u00ed. Vzd\u011blan\u00e9 \u017eeny ale vn\u00edmaj\u00ed d\u00e1rcovstv\u00ed v \u0161ir\u0161\u00edm kontextu, \u0159e\u0161\u00ed, zda darov\u00e1n\u00ed nebude m\u00edt dopad na jejich zdrav\u00ed, \u010di je p\u0159\u00edli\u0161 \u010dasov\u011b neomez\u00ed,\u201c vysv\u011btluje MUDr. Pavel Otev\u0159el. Podle n\u011bj pou\u017e\u00edvaj\u00ed l\u00e9ka\u0159i pouze m\u00edrnou a bezpe\u010dnou formu stimulace, tak aby od jedn\u00e9 d\u00e1rkyn\u011b z\u00edskalioptim\u00e1ln\u011b 10 vaj\u00ed\u010dek. P\u0159esto\u017ee jsou darovan\u00e1 vaj\u00ed\u010dka drahocennou komoditou, neplodn\u00e9 p\u00e1ry si \u010dasto kladou \u0159adu po\u017eadavk\u016f, nap\u0159\u00edklad na barvu o\u010d\u00ed a vlas\u016f, \u010di pr\u00e1v\u011b vzd\u011bl\u00e1n\u00ed d\u00e1rkyn\u011b. \u201eSna\u017e\u00edme se vyhov\u011bt po str\u00e1nce fyziologick\u00e9, sladit krevn\u00ed skupinu, zavedli jsme Genetickou kompatibilitu d\u00e1rce a p\u0159\u00edjemce, co\u017e povede ke sn\u00ed\u017een\u00ed rizika narozen\u00ed d\u00edt\u011bte se vz\u00e1cn\u011b se vyskytuj\u00edc\u00edmi onemocn\u011bn\u00edmi,\u201c vysv\u011btluje MUDr. Otev\u0159el. Neplodn\u00e9 p\u00e1ry ob\u010das p\u0159ijdou s po\u017eadavkem na blon\u010fat\u00e9 modrook\u00e9 d\u00edt\u011b, p\u0159esto\u017ee otec je \u201eitalsk\u00fd typ\u201c. \u201eJe jasn\u00e9, \u017ee i kdybychom mu vyhov\u011bli, jeho dominantn\u00ed geny v\u0161e p\u0159ebij\u00ed a ur\u010dit\u011b se jim nenarod\u00ed modrook\u00e9 blon\u010fat\u00e9 d\u00edt\u011b,\u201c dod\u00e1v\u00e1 MUDr. Otev\u0159el. <\/p>\n<p>D\u00e1rkyn\u011bmi jsou v\u011bt\u0161inou studentky, matky na mate\u0159sk\u00e9 a mlad\u00e9 pracuj\u00edc\u00ed \u017eeny. Dodnes v \u010cesk\u00e9 republice darovalo vaj\u00ed\u010dka 15 000 \u017een. <\/p>\n","protected":false},"excerpt":{"rendered":"<div class=\"mh-excerpt\"><p>Reproduk\u010dn\u00ed kliniky \u201ehladov\u00ed\u201c po kvalitn\u00edch vaj\u00ed\u010dk\u00e1ch. L\u00e9ka\u0159i reproduk\u010dn\u00edch klinik stoj\u00ed p\u0159ed ne\u0159e\u0161iteln\u00fdm probl\u00e9mem \u2013 po\u010det neplodn\u00fdch, kte\u0159\u00ed pot\u0159ebuj\u00ed ciz\u00ed vaj\u00ed\u010dka \u2013 oocyty, roste. Ochotn\u00e9 d\u00e1rkyn\u011b <a class=\"mh-excerpt-more\" href=\"https:\/\/www.invarena.cz\/?p=29459\" title=\"N\u016f\u017eky mezi d\u00e1rkyn\u011bmi vaj\u00ed\u010dek a t\u011bmi, co je pot\u0159ebuj\u00ed, se rozev\u00edraj\u00ed\">[&#8230;]<\/a><\/p>\n<\/div>","protected":false},"author":1,"featured_media":29433,"comment_status":"open","ping_status":"closed","sticky":false,"template":"","format":"standard","meta":{"footnotes":""},"categories":[9],"tags":[],"class_list":["post-29459","post","type-post","status-publish","format-standard","has-post-thumbnail","hentry","category-zpravy"],"_links":{"self":[{"href":"https:\/\/www.invarena.cz\/index.php?rest_route=\/wp\/v2\/posts\/29459","targetHints":{"allow":["GET"]}}],"collection":[{"href":"https:\/\/www.invarena.cz\/index.php?rest_route=\/wp\/v2\/posts"}],"about":[{"href":"https:\/\/www.invarena.cz\/index.php?rest_route=\/wp\/v2\/types\/post"}],"author":[{"embeddable":true,"href":"https:\/\/www.invarena.cz\/index.php?rest_route=\/wp\/v2\/users\/1"}],"replies":[{"embeddable":true,"href":"https:\/\/www.invarena.cz\/index.php?rest_route=%2Fwp%2Fv2%2Fcomments&post=29459"}],"version-history":[{"count":0,"href":"https:\/\/www.invarena.cz\/index.php?rest_route=\/wp\/v2\/posts\/29459\/revisions"}],"wp:featuredmedia":[{"embeddable":true,"href":"https:\/\/www.invarena.cz\/index.php?rest_route=\/wp\/v2\/media\/29433"}],"wp:attachment":[{"href":"https:\/\/www.invarena.cz\/index.php?rest_route=%2Fwp%2Fv2%2Fmedia&parent=29459"}],"wp:term":[{"taxonomy":"category","embeddable":true,"href":"https:\/\/www.invarena.cz\/index.php?rest_route=%2Fwp%2Fv2%2Fcategories&post=29459"},{"taxonomy":"post_tag","embeddable":true,"href":"https:\/\/www.invarena.cz\/index.php?rest_route=%2Fwp%2Fv2%2Ftags&post=29459"}],"curies":[{"name":"wp","href":"https:\/\/api.w.org\/{rel}","templated":true}]}}