{"id":29474,"date":"2017-11-08T15:48:44","date_gmt":"2017-11-08T14:48:44","guid":{"rendered":"http:\/\/www.invarena.cz\/?p=29474"},"modified":"2017-11-08T15:48:44","modified_gmt":"2017-11-08T14:48:44","slug":"zacal-sedmy-rocnik-charitativni-sbirky-srdce-detem-pomuze-i-triletemu-adamovi","status":"publish","type":"post","link":"https:\/\/www.invarena.cz\/?p=29474","title":{"rendered":"Za\u010dal sedm\u00fd ro\u010dn\u00edk charitativn\u00ed sb\u00edrky Srdce d\u011btem. Pom\u016f\u017ee i t\u0159\u00edlet\u00e9mu Adamovi"},"content":{"rendered":"<p><strong>V pond\u011bl\u00ed 6. listopadu odstartovala charitativn\u00ed sb\u00edrka Srdce d\u011btem. Spole\u010dn\u00fd projekt obecn\u011b prosp\u011b\u0161n\u00e9 spole\u010dnosti \u017divot d\u011btem a \u0159et\u011bzce Lidl si ji\u017e po sedm\u00e9 klade za c\u00edl z\u00edskat co nejv\u00edce finan\u010dn\u00edch prost\u0159edk\u016f na pomoc v\u00e1\u017en\u011b nemocn\u00fdm a handicapovan\u00fdm d\u011btem z cel\u00e9 \u010cesk\u00e9 republiky. Sb\u00edrka potrv\u00e1 do 19. listopadu.<\/strong><!--more--><\/p>\n<p>Cel\u00fd \u010dl\u00e1nek <a href=\"https:\/\/www.novinky.cz\/vase-zpravy\/praha\/praha\/4614-47569-zacal-sedmy-rocnik-charitativni-sbirky-srdce-detem-pomuze-i-triletemu-adamovi-.html\">ZDE<\/a><\/p>\n","protected":false},"excerpt":{"rendered":"<div class=\"mh-excerpt\"><p>V pond\u011bl\u00ed 6. listopadu odstartovala charitativn\u00ed sb\u00edrka Srdce d\u011btem. Spole\u010dn\u00fd projekt obecn\u011b prosp\u011b\u0161n\u00e9 spole\u010dnosti \u017divot d\u011btem a \u0159et\u011bzce Lidl si ji\u017e po sedm\u00e9 klade za <a class=\"mh-excerpt-more\" href=\"https:\/\/www.invarena.cz\/?p=29474\" title=\"Za\u010dal sedm\u00fd ro\u010dn\u00edk charitativn\u00ed sb\u00edrky Srdce d\u011btem. Pom\u016f\u017ee i t\u0159\u00edlet\u00e9mu Adamovi\">[&#8230;]<\/a><\/p>\n<\/div>","protected":false},"author":1,"featured_media":14228,"comment_status":"open","ping_status":"closed","sticky":false,"template":"","format":"standard","meta":{"footnotes":""},"categories":[9],"tags":[],"class_list":["post-29474","post","type-post","status-publish","format-standard","has-post-thumbnail","hentry","category-zpravy"],"_links":{"self":[{"href":"https:\/\/www.invarena.cz\/index.php?rest_route=\/wp\/v2\/posts\/29474","targetHints":{"allow":["GET"]}}],"collection":[{"href":"https:\/\/www.invarena.cz\/index.php?rest_route=\/wp\/v2\/posts"}],"about":[{"href":"https:\/\/www.invarena.cz\/index.php?rest_route=\/wp\/v2\/types\/post"}],"author":[{"embeddable":true,"href":"https:\/\/www.invarena.cz\/index.php?rest_route=\/wp\/v2\/users\/1"}],"replies":[{"embeddable":true,"href":"https:\/\/www.invarena.cz\/index.php?rest_route=%2Fwp%2Fv2%2Fcomments&post=29474"}],"version-history":[{"count":0,"href":"https:\/\/www.invarena.cz\/index.php?rest_route=\/wp\/v2\/posts\/29474\/revisions"}],"wp:featuredmedia":[{"embeddable":true,"href":"https:\/\/www.invarena.cz\/index.php?rest_route=\/wp\/v2\/media\/14228"}],"wp:attachment":[{"href":"https:\/\/www.invarena.cz\/index.php?rest_route=%2Fwp%2Fv2%2Fmedia&parent=29474"}],"wp:term":[{"taxonomy":"category","embeddable":true,"href":"https:\/\/www.invarena.cz\/index.php?rest_route=%2Fwp%2Fv2%2Fcategories&post=29474"},{"taxonomy":"post_tag","embeddable":true,"href":"https:\/\/www.invarena.cz\/index.php?rest_route=%2Fwp%2Fv2%2Ftags&post=29474"}],"curies":[{"name":"wp","href":"https:\/\/api.w.org\/{rel}","templated":true}]}}