{"id":29475,"date":"2017-11-09T15:14:37","date_gmt":"2017-11-09T14:14:37","guid":{"rendered":"http:\/\/www.invarena.cz\/?p=29475"},"modified":"2017-11-09T15:14:37","modified_gmt":"2017-11-09T14:14:37","slug":"otec-ma-amputovanou-nohu-nad-kolenem-ma-narok-na-prispevek-na-auto","status":"publish","type":"post","link":"https:\/\/www.invarena.cz\/?p=29475","title":{"rendered":"Otec m\u00e1 amputovanou nohu nad kolenem. M\u00e1 n\u00e1rok na p\u0159\u00edsp\u011bvek na auto?"},"content":{"rendered":"<p><strong>Dotaz:<\/strong><br \/>\n<strong> M\u00e1m dotaz zda m\u00e1 m\u016fj otec n\u00e1rok na n\u011bjak\u00fd p\u0159\u00edsp\u011bvek na auto. Je po amputaci lev\u00e9 nohy nad kolenem a na druh\u00e9 noze m\u00e1 jen palec, o prsty p\u0159i\u0161el p\u0159ed rokem kv\u016fli cukrovce.<\/strong><br \/>\n<!--more--><br \/>\nOdpov\u011b\u010f:<\/p>\n<p>O n\u00e1roku na p\u0159\u00edsp\u011bvek na po\u0159\u00edzen\u00ed motorov\u00e9ho vozidla rozhodne L\u00e9ka\u0159sk\u00e1 posudkov\u00e1 slu\u017eba \u010cSSZ a to na z\u00e1klad\u011b zdravotn\u00ed dokumentace zaslan\u00e9 o\u0161et\u0159uj\u00edc\u00edm l\u00e9ka\u0159em Va\u0161eho otce. V p\u0159\u00edpad\u011b Va\u0161eho otce lze jen doporu\u010dit, aby si o p\u0159\u00edsp\u011bvek za\u017e\u00e1dal na sv\u00e9 pobo\u010dce \u00da\u0159adu pr\u00e1ce.<\/p>\n<p>Pro \u00faplnost uv\u00e1d\u00edm, kdo m\u00e1 n\u00e1rok na p\u0159\u00edsp\u011bvek na po\u0159\u00edzen\u00ed motorov\u00e9ho vozidla:<\/p>\n<p>\u201eN\u00e1rok na p\u0159\u00edsp\u011bvek na zvl\u00e1\u0161tn\u00ed pom\u016fcku poskytovan\u00fd na po\u0159\u00edzen\u00ed motorov\u00e9ho vozidla m\u00e1 osoba, kter\u00e1 m\u00e1 t\u011b\u017ekou vadu nosn\u00e9ho nebo pohybov\u00e9ho \u00fastroj\u00ed anebo t\u011b\u017ekou nebo hlubokou ment\u00e1ln\u00ed retardaci charakteru dlouhodob\u011b nep\u0159\u00edzniv\u00e9ho zdravotn\u00edho stavu, a jej\u00ed zdravotn\u00ed stav nevylu\u010duje p\u0159izn\u00e1n\u00ed tohoto p\u0159\u00edsp\u011bvku.\u201c<\/p>\n<p>Ji\u0159\u00ed Marek<br \/>\ninvArena<\/p>\n","protected":false},"excerpt":{"rendered":"<div class=\"mh-excerpt\"><p>Dotaz: M\u00e1m dotaz zda m\u00e1 m\u016fj otec n\u00e1rok na n\u011bjak\u00fd p\u0159\u00edsp\u011bvek na auto. Je po amputaci lev\u00e9 nohy nad kolenem a na druh\u00e9 noze m\u00e1 <a class=\"mh-excerpt-more\" href=\"https:\/\/www.invarena.cz\/?p=29475\" title=\"Otec m\u00e1 amputovanou nohu nad kolenem. M\u00e1 n\u00e1rok na p\u0159\u00edsp\u011bvek na auto?\">[&#8230;]<\/a><\/p>\n<\/div>","protected":false},"author":3,"featured_media":0,"comment_status":"open","ping_status":"closed","sticky":false,"template":"","format":"standard","meta":{"footnotes":""},"categories":[18,9],"tags":[],"class_list":["post-29475","post","type-post","status-publish","format-standard","hentry","category-poradna","category-zpravy"],"_links":{"self":[{"href":"https:\/\/www.invarena.cz\/index.php?rest_route=\/wp\/v2\/posts\/29475","targetHints":{"allow":["GET"]}}],"collection":[{"href":"https:\/\/www.invarena.cz\/index.php?rest_route=\/wp\/v2\/posts"}],"about":[{"href":"https:\/\/www.invarena.cz\/index.php?rest_route=\/wp\/v2\/types\/post"}],"author":[{"embeddable":true,"href":"https:\/\/www.invarena.cz\/index.php?rest_route=\/wp\/v2\/users\/3"}],"replies":[{"embeddable":true,"href":"https:\/\/www.invarena.cz\/index.php?rest_route=%2Fwp%2Fv2%2Fcomments&post=29475"}],"version-history":[{"count":0,"href":"https:\/\/www.invarena.cz\/index.php?rest_route=\/wp\/v2\/posts\/29475\/revisions"}],"wp:attachment":[{"href":"https:\/\/www.invarena.cz\/index.php?rest_route=%2Fwp%2Fv2%2Fmedia&parent=29475"}],"wp:term":[{"taxonomy":"category","embeddable":true,"href":"https:\/\/www.invarena.cz\/index.php?rest_route=%2Fwp%2Fv2%2Fcategories&post=29475"},{"taxonomy":"post_tag","embeddable":true,"href":"https:\/\/www.invarena.cz\/index.php?rest_route=%2Fwp%2Fv2%2Ftags&post=29475"}],"curies":[{"name":"wp","href":"https:\/\/api.w.org\/{rel}","templated":true}]}}