{"id":29489,"date":"2017-11-09T18:08:46","date_gmt":"2017-11-09T17:08:46","guid":{"rendered":"http:\/\/www.invarena.cz\/?p=29489"},"modified":"2017-11-09T18:08:46","modified_gmt":"2017-11-09T17:08:46","slug":"divce-pomuze-beneficni-zapas","status":"publish","type":"post","link":"https:\/\/www.invarena.cz\/?p=29489","title":{"rendered":"D\u00edvce pom\u016f\u017ee benefi\u010dn\u00ed z\u00e1pas"},"content":{"rendered":"<p><strong>Exhibi\u010dn\u00ed hokejov\u00e9 utk\u00e1n\u00ed, kde proti profesion\u00e1ln\u00edm hokejist\u016fm nastoup\u00ed soupe\u0159i z jin\u00fdch sportovn\u00edch odv\u011btv\u00ed, se v p\u00e1tek uskute\u010dn\u00ed v Chomutov\u011b. V\u00fdt\u011b\u017eek z\u00e1pasu pom\u016f\u017ee nemocn\u00e9 Magdalence a jej\u00ed mamince.<\/strong> <!--more--><\/p>\n<p>Chomutov \u2013 Magdalena Kerl\u00edkov\u00e1 trp\u00ed od narozen\u00ed nejt\u011b\u017e\u0161\u00ed formou d\u011btsk\u00e9 mozkov\u00e9 obrny, epilepsi\u00ed a dal\u0161\u00edmi probl\u00e9my, kter\u00e9 omezuj\u00ed jej\u00ed fyzickou i ment\u00e1ln\u00ed kondici. &#8222;Narodila se po komplikac\u00edch ve t\u0159ic\u00e1t\u00e9m t\u00fddnu. Pozd\u011bji se zjistilo, \u017ee j\u00ed chyb\u00ed \u010d\u00e1st \u0161ed\u00e9 k\u016fry mozkov\u00e9, a l\u00e9ka\u0159ka prorokovala, \u017ee to bude velmi \u0161patn\u00e9,&#8220; popisuje maminka Hana Kerl\u00edkov\u00e1.<\/p>\n<p>Hol\u010di\u010dka podle l\u00e9ka\u0159sk\u00fdch progn\u00f3z nem\u011bla b\u00fdt schopn\u00e1 \u017e\u00e1dn\u00e9ho pohybu, ob\u011btavost maminky ale nejhor\u0161\u00ed p\u0159edpov\u011bdi za\u017eehnala. Magdalenka pravideln\u011b cvi\u010d\u00ed, rehabilituje a d\u011bl\u00e1 tak pokroky, kter\u00e9 jej\u00ed stav zlep\u0161uj\u00ed a mamince ulevuj\u00ed v nep\u0159etr\u017eit\u00e9 p\u00e9\u010di.<\/p>\n<p>N\u00c1KLADN\u00c9 POM\u016eCKY<\/p>\n<p>Do budoucna by si Hana Kerl\u00edkov\u00e1 p\u0159\u00e1la z\u00edskat pro dceru pom\u016fcky, kter\u00e9 jsou ale velmi drah\u00e9. &#8222;\u010c\u00edm bude Majda star\u0161\u00ed, t\u00edm o ni bude obt\u00ed\u017en\u011bj\u0161\u00ed p\u00e9\u010de,&#8220; vysv\u011btluje Kerl\u00edkov\u00e1. &#8222;Budou t\u0159eba rehabilitace, oto\u010dn\u00e1 autoseda\u010dka do auta a invalidn\u00ed voz\u00edk, jeho\u017e cena je ale 30 tis\u00edc korun,&#8220; poznamen\u00e1v\u00e1 maminka.<\/p>\n<p>A pr\u00e1v\u011b se zaplacen\u00edm pom\u016fcek se rozhodli pomoci chomutov\u0161t\u00ed sportovci nap\u0159\u00ed\u010d cel\u00fdm spektrem discipl\u00edn a pro Magdalenku uspo\u0159\u00e1dali benefi\u010dn\u00ed hokejov\u00e9 utk\u00e1n\u00ed. &#8222;Na led\u011b proti sob\u011b nastoup\u00ed nejen hokejisti, ale i plavci, basketbalist\u00e9, florbalist\u00e9, z\u00e1pasn\u00edci a mnoho dal\u0161\u00edch sportovc\u016f,&#8220; p\u0159ibli\u017euje po\u0159adatel ud\u00e1losti Stanislav Mik\u0161ovi\u010d.<\/p>\n<p>Do hokejov\u00e9 v\u00fdstroje se chyst\u00e1 i \u0159ada hv\u011bzdn\u00fdch jmen, t\u0159eba mistr Evropy v \u0159ecko-\u0159\u00edmsk\u00e9m z\u00e1pase a olympionik Petr \u0160vehla nebo sl\u00e1vista a \u010desk\u00fd fotbalov\u00fd reprezentant Patrik Gedeon.<\/p>\n<p>N\u00e1v\u0161t\u011bvn\u00edci mohou Magdalenku podpo\u0159it \u0161t\u011bdr\u00fdm dobrovoln\u00fdm vstupn\u00fdm.<\/p>\n<p>Benefi\u010dn\u00ed z\u00e1pas za\u010d\u00edn\u00e1 v p\u00e1tek od 16.30 hodin v chomutovsk\u00e9 SD ar\u00e9n\u011b.<\/p>\n<p>KAMILA MINA\u0158\u00cdKOV\u00c1<br \/>\n\u017dateck\u00fd a lounsk\u00fd den\u00edk<br \/>\n<a href=\"http:\/\/www.zatecky.denik.cz\/\">http:\/\/www.zatecky.denik.cz\/<\/a><\/p>\n","protected":false},"excerpt":{"rendered":"<div class=\"mh-excerpt\"><p>Exhibi\u010dn\u00ed hokejov\u00e9 utk\u00e1n\u00ed, kde proti profesion\u00e1ln\u00edm hokejist\u016fm nastoup\u00ed soupe\u0159i z jin\u00fdch sportovn\u00edch odv\u011btv\u00ed, se v p\u00e1tek uskute\u010dn\u00ed v Chomutov\u011b. V\u00fdt\u011b\u017eek z\u00e1pasu pom\u016f\u017ee nemocn\u00e9 Magdalence a <a class=\"mh-excerpt-more\" href=\"https:\/\/www.invarena.cz\/?p=29489\" title=\"D\u00edvce pom\u016f\u017ee benefi\u010dn\u00ed z\u00e1pas\">[&#8230;]<\/a><\/p>\n<\/div>","protected":false},"author":1,"featured_media":12371,"comment_status":"open","ping_status":"closed","sticky":false,"template":"","format":"standard","meta":{"footnotes":""},"categories":[9],"tags":[],"class_list":["post-29489","post","type-post","status-publish","format-standard","has-post-thumbnail","hentry","category-zpravy"],"_links":{"self":[{"href":"https:\/\/www.invarena.cz\/index.php?rest_route=\/wp\/v2\/posts\/29489","targetHints":{"allow":["GET"]}}],"collection":[{"href":"https:\/\/www.invarena.cz\/index.php?rest_route=\/wp\/v2\/posts"}],"about":[{"href":"https:\/\/www.invarena.cz\/index.php?rest_route=\/wp\/v2\/types\/post"}],"author":[{"embeddable":true,"href":"https:\/\/www.invarena.cz\/index.php?rest_route=\/wp\/v2\/users\/1"}],"replies":[{"embeddable":true,"href":"https:\/\/www.invarena.cz\/index.php?rest_route=%2Fwp%2Fv2%2Fcomments&post=29489"}],"version-history":[{"count":0,"href":"https:\/\/www.invarena.cz\/index.php?rest_route=\/wp\/v2\/posts\/29489\/revisions"}],"wp:featuredmedia":[{"embeddable":true,"href":"https:\/\/www.invarena.cz\/index.php?rest_route=\/wp\/v2\/media\/12371"}],"wp:attachment":[{"href":"https:\/\/www.invarena.cz\/index.php?rest_route=%2Fwp%2Fv2%2Fmedia&parent=29489"}],"wp:term":[{"taxonomy":"category","embeddable":true,"href":"https:\/\/www.invarena.cz\/index.php?rest_route=%2Fwp%2Fv2%2Fcategories&post=29489"},{"taxonomy":"post_tag","embeddable":true,"href":"https:\/\/www.invarena.cz\/index.php?rest_route=%2Fwp%2Fv2%2Ftags&post=29489"}],"curies":[{"name":"wp","href":"https:\/\/api.w.org\/{rel}","templated":true}]}}