{"id":29504,"date":"2017-11-15T18:20:27","date_gmt":"2017-11-15T17:20:27","guid":{"rendered":"http:\/\/www.invarena.cz\/?p=29504"},"modified":"2017-11-15T18:20:27","modified_gmt":"2017-11-15T17:20:27","slug":"v-narodni-potravinove-sbirce-se-vybralo-rekordnich-926-000-porci-jidla","status":"publish","type":"post","link":"https:\/\/www.invarena.cz\/?p=29504","title":{"rendered":"V N\u00e1rodn\u00ed potravinov\u00e9 sb\u00edrce se vybralo rekordn\u00edch 926 000 porc\u00ed j\u00eddla"},"content":{"rendered":"<p><strong>Dvan\u00e1ct hodin \u017eilo v sobotu 11. listopadu cel\u00e9 \u010cesko N\u00e1rodn\u00ed potravinovou sb\u00edrkou. Sb\u00edrka ji\u017e tradi\u010dn\u011b na prahu adventu mobilizovala obyvatele \u010cesk\u00e9 republiky k pomoci pot\u0159ebn\u00fdm \u2013 a op\u011bt \u00fasp\u011b\u0161n\u011b.<\/strong><br \/>\n<!--more--><br \/>\nLetos sb\u00edrka vynesla rekordn\u00edch 926 000 porc\u00ed j\u00eddla, kter\u00e9 pomohou p\u0159ed V\u00e1noci v dom\u00e1cnostech osam\u011bl\u00fdch senior\u016f, samo\u017eivitelek a jejich d\u011bt\u00ed, rodin ve finan\u010dn\u00ed t\u00edsni, v azylov\u00fdch domech \u2013 zkr\u00e1tka v\u0161em lidem v nouzi. Do 5. ro\u010dn\u00edku se v tomto roce zapojilo 750 prodejen z \u0159et\u011bzc\u016f Tesco, Globus, Penny Market, Kaufland, Albert, Lidl, BILLA, Makro, dm drogerie markt a ROSSMANN. Sb\u00edrku organizuje platforma Byznys pro spole\u010dnost. Z\u00e1\u0161titu nad sb\u00edrkou p\u0159evzal ministr zem\u011bd\u011blstv\u00ed Marian Jure\u010dka.<\/p>\n<p>\u201eB\u011bhem dne jsme potkali \u0159adu \u00fa\u017easn\u00fdch lid\u00ed, kte\u0159\u00ed p\u0159i\u0161li darovat, a setkali jsme se s mno\u017estv\u00edm siln\u00fdch p\u0159\u00edb\u011bh\u016f lid\u00ed, kte\u0159\u00ed pot\u0159ebuj\u00ed na\u0161i pomoc. Chci v\u0161em pod\u011bkovat za 926 000 porc\u00ed j\u00eddla, kter\u00e9 jsou u\u017e nyn\u00ed na cest\u011b k pot\u0159ebn\u00fdm. Je to o skv\u011bl\u00fdch 139 000 porc\u00ed v\u00edce ne\u017e loni,\u201c \u0159ekla za organiz\u00e1tora sb\u00edrky Pavl\u00edna Kalousov\u00e1, p\u0159edsedkyn\u011b Byznys pro spole\u010dnost. \u201eSb\u00edrka uk\u00e1zala, \u017ee nejsme lhostejn\u00ed k lidem v t\u00ed\u017eiv\u00e9 \u017eivotn\u00ed situaci. Cen\u00edme si ka\u017ed\u00e9ho daru, doslova ka\u017ed\u00e9 instantn\u00ed pol\u00e9vky, ale samoz\u0159ejm\u011b n\u00e1s t\u011b\u0161\u00ed, \u017ee letos byla \u0159ada d\u00e1rc\u016f opravdu \u0161t\u011bdr\u00e1. Zajistila tak 370,4 tun trvanliv\u00fdch potravin a 41,5 tun drogistick\u00e9ho zbo\u017e\u00ed,\u201c dod\u00e1v\u00e1 Pavl\u00edna Kalousov\u00e1. Jde o p\u0159edb\u011b\u017en\u00e9 v\u00fdpo\u010dty, kter\u00e9 budou je\u0161t\u011b verifikov\u00e1ny.<\/p>\n<p>N\u00e1rodn\u00ed potravinov\u00e1 sb\u00edrka byla letos ve v\u0161ech ohledech rekordn\u00ed. Zapojilo se o 90 prodejen v\u00edce, vybralo se v\u00edc o 58 tun trvanliv\u00fdch potravin (loni 312 tun) a o 36,9 tun drogistick\u00e9ho zbo\u017e\u00ed v\u00edce (loni 4,6 tun).<\/p>\n<p>Lid\u00e9 darovali trvanliv\u00e9 potraviny jako nap\u0159\u00edklad konzervy, sterilovanou zeleninu, lu\u0161t\u011bniny, t\u011bstoviny, r\u00fd\u017ei, instantn\u00ed pol\u00e9vky a d\u011btsk\u00e9 v\u00fd\u017eivy a drobn\u00e9 cukrovinky. Pot\u011b\u0161iteln\u00e9 bylo, \u017ee lid\u00e9 reagovali na prosby organiz\u00e1tora sb\u00edrky a \u010dasto letos darovali i masov\u00e9 a ryb\u00ed konzervy a dal\u0161\u00ed v\u00fd\u017eivov\u011b kvalitn\u00ed potraviny. Z drogistick\u00e9ho zbo\u017e\u00ed to pak byly d\u011btsk\u00e9 pleny, hygienick\u00e9 vlo\u017eky \u010di sprchov\u00e9 gely.<\/p>\n<p>Nejv\u00edce potravin a drogerie se vybralo prodejn\u011b Tesco v Praze 10 v Edenu, kde lid\u00e9 darovali 8,1 tun. Mimo Prahu byli nej\u0161t\u011bd\u0159ej\u0161\u00ed z\u00e1kazn\u00edci v Globusu v Brn\u011b se 4,2 tunami a Globusu Olomouc (3,2 tuny) a Pardubic\u00edch (3,1 tun).<\/p>\n<p>Rekordn\u00edch 5 obchod\u016f v \u010cR (data v tun\u00e1ch potravin a drogerie)<br \/>\nTesco, Praha 10, Eden 8,1<br \/>\nTesco, Praha 5 &#8211; Nov\u00fd Sm\u00edchov 8<br \/>\nGlobus, Praha 9, Kosteleck\u00e1 6,7<br \/>\nAlbert, Praha 4, Obchodn\u00ed n\u00e1m 5,5<br \/>\nGlobus, Praha 9, Chlumeck\u00e1 5,5<\/p>\n<p>Pokud se pod\u00edv\u00e1me na v\u00fdsledky v jednotliv\u00fdch kraj\u00edch, tak k nejv\u011bt\u0161\u00edmu meziro\u010dn\u00edmu n\u00e1r\u016fstu objemu darovan\u00fdch trvanliv\u00fdch potravin a drogistick\u00e9ho zbo\u017e\u00ed do\u0161lo na Vyso\u010din\u011b \u2013 obyvatel\u00e9 tohoto kraje vybrali 17,7 tun, co\u017e je o 107,9 % v\u00edc ne\u017e loni. Druh\u00fd nejv\u011bt\u0161\u00ed n\u00e1r\u016fst za\u0159\u00eddili d\u00e1rci v Libereck\u00e9m kraji (75 %) a \u201ebronz\u201c pro sv\u016fj kraj zajistili obyvatel\u00e9 Zl\u00ednsk\u00e9ho kraje (66 %). Objemy dobro\u010dinn\u00fdch n\u00e1kup\u016f tradi\u010dn\u011b v jednotliv\u00fdch kraj\u00edch souvis\u00ed s po\u010dtem obyvatel a nen\u00ed tedy p\u0159ekvapen\u00edm, \u017ee nejv\u00edce se vybralo v Praze (105 tun). \u201ePot\u011b\u0161ilo n\u00e1s, \u017ee ve v\u0161ech kraj\u00edch bez rozd\u00edlu byli d\u00e1rci letos v\u00edce \u0161t\u011bd\u0159\u00ed a vybralo se v\u0161ude nap\u0159\u00ed\u010d republikou v\u00edce potravin i drogerie,\u201c \u0159\u00edk\u00e1 Pavl\u00edna Kalousov\u00e1.<\/p>\n<p>Tiskov\u00e1 zpr\u00e1va<\/p>\n","protected":false},"excerpt":{"rendered":"<div class=\"mh-excerpt\"><p>Dvan\u00e1ct hodin \u017eilo v sobotu 11. listopadu cel\u00e9 \u010cesko N\u00e1rodn\u00ed potravinovou sb\u00edrkou. Sb\u00edrka ji\u017e tradi\u010dn\u011b na prahu adventu mobilizovala obyvatele \u010cesk\u00e9 republiky k pomoci pot\u0159ebn\u00fdm <a class=\"mh-excerpt-more\" href=\"https:\/\/www.invarena.cz\/?p=29504\" title=\"V N\u00e1rodn\u00ed potravinov\u00e9 sb\u00edrce se vybralo rekordn\u00edch 926 000 porc\u00ed j\u00eddla\">[&#8230;]<\/a><\/p>\n<\/div>","protected":false},"author":1,"featured_media":29469,"comment_status":"open","ping_status":"closed","sticky":false,"template":"","format":"standard","meta":{"footnotes":""},"categories":[9],"tags":[],"class_list":["post-29504","post","type-post","status-publish","format-standard","has-post-thumbnail","hentry","category-zpravy"],"_links":{"self":[{"href":"https:\/\/www.invarena.cz\/index.php?rest_route=\/wp\/v2\/posts\/29504","targetHints":{"allow":["GET"]}}],"collection":[{"href":"https:\/\/www.invarena.cz\/index.php?rest_route=\/wp\/v2\/posts"}],"about":[{"href":"https:\/\/www.invarena.cz\/index.php?rest_route=\/wp\/v2\/types\/post"}],"author":[{"embeddable":true,"href":"https:\/\/www.invarena.cz\/index.php?rest_route=\/wp\/v2\/users\/1"}],"replies":[{"embeddable":true,"href":"https:\/\/www.invarena.cz\/index.php?rest_route=%2Fwp%2Fv2%2Fcomments&post=29504"}],"version-history":[{"count":0,"href":"https:\/\/www.invarena.cz\/index.php?rest_route=\/wp\/v2\/posts\/29504\/revisions"}],"wp:featuredmedia":[{"embeddable":true,"href":"https:\/\/www.invarena.cz\/index.php?rest_route=\/wp\/v2\/media\/29469"}],"wp:attachment":[{"href":"https:\/\/www.invarena.cz\/index.php?rest_route=%2Fwp%2Fv2%2Fmedia&parent=29504"}],"wp:term":[{"taxonomy":"category","embeddable":true,"href":"https:\/\/www.invarena.cz\/index.php?rest_route=%2Fwp%2Fv2%2Fcategories&post=29504"},{"taxonomy":"post_tag","embeddable":true,"href":"https:\/\/www.invarena.cz\/index.php?rest_route=%2Fwp%2Fv2%2Ftags&post=29504"}],"curies":[{"name":"wp","href":"https:\/\/api.w.org\/{rel}","templated":true}]}}