{"id":29536,"date":"2017-11-16T18:36:25","date_gmt":"2017-11-16T17:36:25","guid":{"rendered":"http:\/\/www.invarena.cz\/?p=29536"},"modified":"2017-11-16T18:36:25","modified_gmt":"2017-11-16T17:36:25","slug":"dobre-misto-venuje-galavecer-sluchove-postizenym-detem","status":"publish","type":"post","link":"https:\/\/www.invarena.cz\/?p=29536","title":{"rendered":"Dobr\u00e9 m\u00edsto v\u011bnuje galave\u010der sluchov\u011b posti\u017een\u00fdm d\u011btem"},"content":{"rendered":"<p><strong>Galave\u010derem spolku Dobr\u00e9 m\u00edsto pro \u017eivot z\u00edtra o\u017eije hotel NH Collection Olomouc. Slavnostn\u00ed ve\u010der za\u010dne v 19.30. Hosty zabav\u00ed kapela d\u011btsk\u00e9ho domova, t\u011b\u0161it se mohou i na baletn\u00ed vystoupen\u00ed Moravsk\u00e9ho divadla Olomouc a Tane\u010dn\u00ed \u0161koly Coufalovi, fotobudku a tombolu.<\/strong> <!--more--><\/p>\n<p>V\u00ddT\u011a\u017dEK PRO D\u011aTI<\/p>\n<p>&#8222;M\u00e1m velkou radost, \u017ee m\u016f\u017eeme ve\u010der v\u011bnovat d\u011btem ze \u0161koly pro sluchov\u011b posti\u017een\u00e9, maj\u00ed toti\u017e neuv\u011b\u0159itelnou energii. U\u010ditelsk\u00fd sbor u\u017e se t\u011b\u0161\u00ed a pro mne to je nov\u00e1 zku\u0161enost m\u00edt v s\u00e1le dv\u011b stovky sluchov\u011b posti\u017een\u00fdch,&#8220; uvedla V\u011bra Novotn\u00e1, p\u0159edsedkyn\u011b Dobr\u00e9ho m\u00edsta pro \u017eivot.<\/p>\n<p>K\u0158EST KALEND\u00c1\u0158E<\/p>\n<p>B\u011bhem ve\u010dera se bude k\u0159t\u00edt i kalend\u00e1\u0159 organizace, kde jsou na fotografi\u00edch Luk\u00e1\u0161e Navary zachyceny momenty z akc\u00ed Dobr\u00e9ho m\u00edsta. Kmotrem mu bude herec Jan Anton\u00edn Duchoslav. &#8222;Kalend\u00e1\u0159 stoj\u00ed sto korun, cel\u00e1 \u010d\u00e1stka p\u016fjde na konto \u0161koly,&#8220; dodala V\u011bra Novotn\u00e1.<\/p>\n<p>P\u0158ISP\u011aJE I DEN\u00cdK<\/p>\n<p>Akce se z\u00fa\u010dastn\u00ed i \u0161\u00e9fredaktor Olomouck\u00e9ho den\u00edku Martin Dost\u00e1l, kter\u00fd p\u0159ed\u00e1 zb\u00fdvaj\u00edc\u00ed \u010d\u00e1st v\u00fdt\u011b\u017eku z leto\u0161n\u00edho Kabelkov\u00e9ho veletrhu lidem z olomouck\u00e9 pobo\u010dky Sjednocen\u00e9 organizace nevidom\u00fdch a slabozrak\u00fdch a lokomo\u010dn\u00edho centra Jitrocel. &#8222;Podpo\u0159\u00edme i Pavlu Karafovou, maminku dvou d\u011bt\u00ed, kter\u00e1 je na voz\u00ed\u010dku a ned\u00e1vno se s d\u011btmi ocitla na ulici. P\u0159\u00edsp\u011bvek nebyl p\u016fvodn\u011b v pl\u00e1nu, ale situace n\u00e1s tak \u0161okovala, \u017ee jsme se rozhodli j\u00ed pomoct,&#8220; doplnil Martin Dost\u00e1l.<\/p>\n<p>KABELKOV\u00dd VELETRH<\/p>\n<p>Leto\u0161n\u00ed ro\u010dn\u00edk benefi\u010dn\u00ed akce vynesl v Olomouci 53 355 korun. Dal\u0161\u00ed \u010d\u00e1st v\u00fdt\u011b\u017eku na\u0161la uplatn\u011bn\u00ed nap\u0159\u00edklad v mobiln\u00edm hospici Nejste sami.<\/p>\n<p>Olomouck\u00fd den\u00edk<br \/>\n<a href=\"http:\/\/www.olomoucky.denik.cz\/\">http:\/\/www.olomoucky.denik.cz\/<\/a><\/p>\n","protected":false},"excerpt":{"rendered":"<div class=\"mh-excerpt\"><p>Galave\u010derem spolku Dobr\u00e9 m\u00edsto pro \u017eivot z\u00edtra o\u017eije hotel NH Collection Olomouc. Slavnostn\u00ed ve\u010der za\u010dne v 19.30. Hosty zabav\u00ed kapela d\u011btsk\u00e9ho domova, t\u011b\u0161it se mohou <a class=\"mh-excerpt-more\" href=\"https:\/\/www.invarena.cz\/?p=29536\" title=\"Dobr\u00e9 m\u00edsto v\u011bnuje galave\u010der sluchov\u011b posti\u017een\u00fdm d\u011btem\">[&#8230;]<\/a><\/p>\n<\/div>","protected":false},"author":1,"featured_media":5900,"comment_status":"open","ping_status":"closed","sticky":false,"template":"","format":"standard","meta":{"footnotes":""},"categories":[9],"tags":[],"class_list":["post-29536","post","type-post","status-publish","format-standard","has-post-thumbnail","hentry","category-zpravy"],"_links":{"self":[{"href":"https:\/\/www.invarena.cz\/index.php?rest_route=\/wp\/v2\/posts\/29536","targetHints":{"allow":["GET"]}}],"collection":[{"href":"https:\/\/www.invarena.cz\/index.php?rest_route=\/wp\/v2\/posts"}],"about":[{"href":"https:\/\/www.invarena.cz\/index.php?rest_route=\/wp\/v2\/types\/post"}],"author":[{"embeddable":true,"href":"https:\/\/www.invarena.cz\/index.php?rest_route=\/wp\/v2\/users\/1"}],"replies":[{"embeddable":true,"href":"https:\/\/www.invarena.cz\/index.php?rest_route=%2Fwp%2Fv2%2Fcomments&post=29536"}],"version-history":[{"count":0,"href":"https:\/\/www.invarena.cz\/index.php?rest_route=\/wp\/v2\/posts\/29536\/revisions"}],"wp:featuredmedia":[{"embeddable":true,"href":"https:\/\/www.invarena.cz\/index.php?rest_route=\/wp\/v2\/media\/5900"}],"wp:attachment":[{"href":"https:\/\/www.invarena.cz\/index.php?rest_route=%2Fwp%2Fv2%2Fmedia&parent=29536"}],"wp:term":[{"taxonomy":"category","embeddable":true,"href":"https:\/\/www.invarena.cz\/index.php?rest_route=%2Fwp%2Fv2%2Fcategories&post=29536"},{"taxonomy":"post_tag","embeddable":true,"href":"https:\/\/www.invarena.cz\/index.php?rest_route=%2Fwp%2Fv2%2Ftags&post=29536"}],"curies":[{"name":"wp","href":"https:\/\/api.w.org\/{rel}","templated":true}]}}