{"id":29554,"date":"2017-11-20T14:32:30","date_gmt":"2017-11-20T13:32:30","guid":{"rendered":"http:\/\/www.invarena.cz\/?p=29554"},"modified":"2017-11-20T14:32:30","modified_gmt":"2017-11-20T13:32:30","slug":"v-cr-se-rocne-narodi-600-deti-s-vrozenou-srdecni-vadou","status":"publish","type":"post","link":"https:\/\/www.invarena.cz\/?p=29554","title":{"rendered":"V \u010cR se ro\u010dn\u011b narod\u00ed 600 d\u011bt\u00ed s vrozenou srde\u010dn\u00ed vadou"},"content":{"rendered":"<p><strong>Na 100.000 narozen\u00fdch d\u011bt\u00ed p\u0159ipad\u00e1 v \u010cesk\u00e9 republice asi 600 s vrozenou srde\u010dn\u00ed vadou. Z nich u 200 jde o kritickou vadu, kter\u00e1 je m\u016f\u017ee ohro\u017eovat na \u017eivot\u011b. Novin\u00e1\u0159\u016fm to \u0159ekla l\u00e9ka\u0159ka z Centra prenat\u00e1ln\u00ed dianogstiky v Brn\u011b Hana Ji\u010d\u00ednsk\u00e1. Podle n\u00ed centrum odhaluje vrozen\u00e9 srde\u010dn\u00ed vady u plodu u\u017e v prvn\u00edch t\u0159ech m\u011bs\u00edc\u00edch t\u011bhotenstv\u00ed, co\u017e pom\u00e1h\u00e1 lep\u0161\u00ed p\u00e9\u010di i kvalitn\u011bj\u0161\u00edmu \u017eivotu d\u00edt\u011bte. <\/strong><!--more--><\/p>\n<p>Uvedla, \u017ee rodi\u010de se mohou tak\u00e9 v\u010das rozhodnout pro potrat. Centrum po\u0159\u00e1d\u00e1 k srde\u010dn\u00edm vad\u00e1m v p\u00e1tek prvn\u00ed mezioborovou konferenci.<\/p>\n<p>Celosv\u011btov\u011b se podle Ji\u010d\u00ednsk\u00e9 rod\u00ed \u0161est a\u017e deset d\u011bt\u00ed s vrozenou srde\u010dn\u00ed vadou na 1000 novorozenc\u016f. &#8222;Jedna t\u0159etina jsou vady kritick\u00e9, kter\u00e9 je pot\u0159eba \u0159e\u0161it nap\u0159\u00edklad chirurgicky nebo jin\u00fdmi zp\u016fsoby,&#8220; uvedla Ji\u010d\u00ednsk\u00e1. Podle n\u00ed se po\u010det novorozenc\u016f s vadami za posledn\u00ed roky nijak v\u00fdrazn\u011b neli\u0161\u00ed, av\u0161ak d\u00edky v\u010dasn\u011bj\u0161\u00edmu odhalov\u00e1n\u00ed mohou l\u00e9ka\u0159i l\u00e9pe probl\u00e9my sledovat a p\u0159ipravit se na z\u00e1krok po narozen\u00ed. T\u00edm eliminuj\u00ed pot\u00ed\u017ee, kter\u00fdmi by jinak takov\u00fd \u010dlov\u011bk po celou dobu \u017eivota trp\u011bl, a mohou v\u00fdrazn\u011b zvaklitnit jeho \u017eivot. Druh\u00fdm pozitivem d\u0159\u00edv\u011bj\u0161\u00edho odhalen\u00ed vady je to, \u017ee se rodi\u010de mohou v ran\u00e9m stadiu rozhodnout t\u011bhotenstv\u00ed ukon\u010dit. U plod\u016f s vadami je to a\u017e v polovin\u011b p\u0159\u00edpad\u016f. &#8222;Nyn\u00ed vady odhalujeme ve 13. t\u00fddnu. Kdy\u017e se na n\u011b d\u0159\u00edve p\u0159i\u0161lo t\u0159eba ve 24. t\u00fddnu a plod u\u017e se v matce h\u00fdbal, t\u011b\u017eko se mluvilo o interrupci,&#8220; \u0159ekla Ji\u010d\u00ednsk\u00e1.<\/p>\n<p>V\u00fdhodou brn\u011bnsk\u00e9ho centra je spolupr\u00e1ce l\u00e9ka\u0159\u016f z v\u00edce obor\u016f. Na jednom pracovi\u0161ti se tak setk\u00e1vaj\u00ed gynekologov\u00e9, genetici i kardiologov\u00e9 a k dispozici je v budov\u011b i laborato\u0159. &#8222;D\u0159\u00edve musely matky jezdit na r\u016fzn\u00e1 pracovi\u0161t\u011b po cel\u00e9m Brn\u011b. Na v\u00fdsledky se pak muselo \u010dekat. U n\u00e1s je v\u0161e ve velmi kr\u00e1tk\u00e9m \u010dase. Gynekolog pracuje s matkou, genetik m\u016f\u017ee ur\u010dit v\u00fdvojov\u00e9 vady a kardiolog v p\u0159\u00edpad\u011b probl\u00e9m\u016f se srdcem pl\u00e1nuje, co s t\u00edm,&#8220; uvedl vedouc\u00ed l\u00e9ka\u0159 centra Pavel Vla\u0161\u00edn.<\/p>\n<p>Centrum proto uspo\u0159\u00e1d\u00e1 v p\u00e1tek prvn\u00ed mezioborovou konferenci na t\u00e9ma vrozen\u00fdch srde\u010dn\u00edch vad plodu, na kter\u00e9 vystoup\u00ed odborn\u00edci z \u0159ad prenat\u00e1ln\u00ed p\u00e9\u010de, gynekologov\u00e9 nebo kardiologov\u00e9.<\/p>\n<p>Srde\u010dn\u00ed vady tvo\u0159\u00ed podle Vla\u0161\u00edna zhruba t\u0159etinu ze v\u0161ech vrozen\u00fdch vad plod\u016f. Dal\u0161\u00ed podstatnou \u010d\u00e1st tvo\u0159\u00ed probl\u00e9my s ledvinami a do zbyl\u00e9 t\u0159etiny spadaj\u00ed nap\u0159\u00edklad probl\u00e9my mozku, rukou a nohou, roz\u0161t\u011bpy patra a podobn\u011b.<\/p>\n","protected":false},"excerpt":{"rendered":"<div class=\"mh-excerpt\"><p>Na 100.000 narozen\u00fdch d\u011bt\u00ed p\u0159ipad\u00e1 v \u010cesk\u00e9 republice asi 600 s vrozenou srde\u010dn\u00ed vadou. Z nich u 200 jde o kritickou vadu, kter\u00e1 je m\u016f\u017ee <a class=\"mh-excerpt-more\" href=\"https:\/\/www.invarena.cz\/?p=29554\" title=\"V \u010cR se ro\u010dn\u011b narod\u00ed 600 d\u011bt\u00ed s vrozenou srde\u010dn\u00ed vadou\">[&#8230;]<\/a><\/p>\n<\/div>","protected":false},"author":1,"featured_media":23617,"comment_status":"open","ping_status":"closed","sticky":false,"template":"","format":"standard","meta":{"footnotes":""},"categories":[11],"tags":[],"class_list":["post-29554","post","type-post","status-publish","format-standard","has-post-thumbnail","hentry","category-zdravi"],"_links":{"self":[{"href":"https:\/\/www.invarena.cz\/index.php?rest_route=\/wp\/v2\/posts\/29554","targetHints":{"allow":["GET"]}}],"collection":[{"href":"https:\/\/www.invarena.cz\/index.php?rest_route=\/wp\/v2\/posts"}],"about":[{"href":"https:\/\/www.invarena.cz\/index.php?rest_route=\/wp\/v2\/types\/post"}],"author":[{"embeddable":true,"href":"https:\/\/www.invarena.cz\/index.php?rest_route=\/wp\/v2\/users\/1"}],"replies":[{"embeddable":true,"href":"https:\/\/www.invarena.cz\/index.php?rest_route=%2Fwp%2Fv2%2Fcomments&post=29554"}],"version-history":[{"count":0,"href":"https:\/\/www.invarena.cz\/index.php?rest_route=\/wp\/v2\/posts\/29554\/revisions"}],"wp:featuredmedia":[{"embeddable":true,"href":"https:\/\/www.invarena.cz\/index.php?rest_route=\/wp\/v2\/media\/23617"}],"wp:attachment":[{"href":"https:\/\/www.invarena.cz\/index.php?rest_route=%2Fwp%2Fv2%2Fmedia&parent=29554"}],"wp:term":[{"taxonomy":"category","embeddable":true,"href":"https:\/\/www.invarena.cz\/index.php?rest_route=%2Fwp%2Fv2%2Fcategories&post=29554"},{"taxonomy":"post_tag","embeddable":true,"href":"https:\/\/www.invarena.cz\/index.php?rest_route=%2Fwp%2Fv2%2Ftags&post=29554"}],"curies":[{"name":"wp","href":"https:\/\/api.w.org\/{rel}","templated":true}]}}