{"id":29567,"date":"2017-11-21T17:39:54","date_gmt":"2017-11-21T16:39:54","guid":{"rendered":"http:\/\/www.invarena.cz\/?p=29567"},"modified":"2017-11-21T17:39:54","modified_gmt":"2017-11-21T16:39:54","slug":"starsi-litovelany-vozi-po-meste-senior-taxi","status":"publish","type":"post","link":"https:\/\/www.invarena.cz\/?p=29567","title":{"rendered":"Star\u0161\u00ed Litovelany voz\u00ed po m\u011bst\u011b senior taxi"},"content":{"rendered":"<p><strong>Senio\u0159i v Litovli si u\u017e nemusej\u00ed l\u00e1mat hlavu s t\u00edm, jak se dostanou k l\u00e9ka\u0159i, na po\u0161tu nebo t\u0159eba o Du\u0161i\u010dk\u00e1ch na h\u0159bitov. Nov\u011b te\u010f mohou vyu\u017e\u00edt dopravu ur\u010denou p\u0159\u00edmo pro n\u011b. Novinka ve m\u011bst\u011b funguje od za\u010d\u00e1tku \u0159\u00edjna a vyu\u017e\u00edt ji mohou pouze obyvatel\u00e9 m\u011bsta a jeho m\u00edstn\u00edch \u010d\u00e1st\u00ed.<\/strong> <!--more--><\/p>\n<p>Litovel \u2013 Sami d\u016fchodci slu\u017ebu v\u00edtaj\u00ed a z\u00e1jem je velk\u00fd. &#8222;N\u011bkolika senior\u016f jsem se ptal, jestli slu\u017ebu vyu\u017e\u00edvaj\u00ed a jak se jim l\u00edb\u00ed. Jedna pan\u00ed pot\u0159ebovala jet na h\u0159bitov a k l\u00e9ka\u0159i a byla spokojen\u00e1. I cena je dobr\u00e1. Ur\u010dit\u011b takovou slu\u017ebu v\u00edt\u00e1me,&#8220; reagoval Lubom\u00edr Faltus z litovelsk\u00e9ho seniorklubu.<\/p>\n<p>Za nov\u00fdm projektem, kter\u00fd mysl\u00ed p\u0159edev\u0161\u00edm na m\u00e9n\u011b pohybliv\u00e9 obyvatele Litovle, stoj\u00ed majitel auto\u0161koly, autodopravy a tak\u00e9 m\u00edstn\u00ed zastupitel Jaroslav Sk\u00e1la. &#8222;Popt\u00e1vka vze\u0161la p\u0159\u00edmo od senior\u016f, kte\u0159\u00ed se na m\u011bsto obr\u00e1tili. Zaujalo m\u011b to, a proto jsem m\u011bstu p\u0159edlo\u017eil takovou nab\u00eddku, aby to bylo levn\u00e9 pro n\u011bj i seniory,&#8220; uvedl Jaroslav Sk\u00e1la.<\/p>\n<p>Vysv\u011btlil, \u017ee proto zalo\u017eil spolek s n\u00e1zvem Akselit \u2013 Aktivn\u00ed senio\u0159i Litovelska.<\/p>\n<p>&#8222;Princip je jednoduch\u00fd. Senio\u0159i se st\u00e1vaj\u00ed \u010dleny spolku, dostanou pr\u016fkazku, aby se \u0159idi\u010di mohli prok\u00e1zat, \u017ee jsou u n\u00e1s registrovan\u00ed. Je to tedy doprava \u010dlen\u016f spolku, nen\u00ed to klasick\u00e1 taxislu\u017eba,&#8220; nast\u00ednil, jak slu\u017eba funguje, Jaroslav Sk\u00e1la.<\/p>\n<p>P\u0159epravn\u00ed slu\u017eba funguje na z\u00e1klad\u011b telefonick\u00e9 objedn\u00e1vky nejm\u00e9n\u011b jeden den p\u0159edem. Vyu\u017e\u00edt ji mohou osoby nad 65 let a ty s pr\u016fkazem ZTP. &#8222;Tax\u00edk&#8220; jezd\u00ed pouze v pracovn\u00ed dny od 6.30 do 15 hodin a Litovel\u0161t\u00ed za cestu po m\u011bst\u011b zaplat\u00ed pau\u0161\u00e1ln\u00ed \u010d\u00e1stku 20 korun za jednu cestu a ti z m\u00edstn\u00edch \u010d\u00e1st\u00ed pak 25 korun.<\/p>\n<p>&#8222;Za\u017eili jsme u\u017e i situaci, kdy se jedn\u00e9 pan\u00ed ud\u011blalo \u0161patn\u011b, pot\u0159ebovala k l\u00e9ka\u0159i, p\u0159esto to ale vyhodnotila, \u017ee to nen\u00ed na sanitku, a volala n\u00e1s. Byla to mimo\u0159\u00e1dn\u00e1, akutn\u00ed situace, a pokud m\u016f\u017eeme, vyhov\u00edme i bez p\u0159edchoz\u00ed objedn\u00e1vky,&#8220; popsal praxi provozovatel.<\/p>\n<p>V\u00edce o taxi pro seniory najdete na webu Den\u00edku<\/p>\n<p>Kde v kraji maj\u00ed taxi pro seniory?<br \/>\n&#8211; P\u0158EROV objedn\u00e1v\u00e1 se nejpozd\u011bji den p\u0159edem na \u010d\u00edsle: 720 078 661<br \/>\n&#8211; PROST\u011aJOV objedn\u00e1v\u00e1 se jeden a\u017e dva dny p\u0159edem na \u010d\u00edsle: 595 391 141<br \/>\n&#8211; JESEN\u00cdK objedn\u00e1v\u00e1 se dle aktu\u00e1ln\u00ed pot\u0159eby, nejl\u00e9pe v\u0161ak den p\u0159edem, na \u010d\u00edsle: 737 258 525<br \/>\n&#8211; LITOVEL objedn\u00e1v\u00e1 se nejpozd\u011bji den p\u0159edem na \u010d\u00edsle: 725 993 884<\/p>\n<p>Olomouck\u00fd den\u00edk<br \/>\n<a href=\"http:\/\/www.olomoucky.denik.cz\/\">http:\/\/www.olomoucky.denik.cz\/<\/a><\/p>\n","protected":false},"excerpt":{"rendered":"<div class=\"mh-excerpt\"><p>Senio\u0159i v Litovli si u\u017e nemusej\u00ed l\u00e1mat hlavu s t\u00edm, jak se dostanou k l\u00e9ka\u0159i, na po\u0161tu nebo t\u0159eba o Du\u0161i\u010dk\u00e1ch na h\u0159bitov. Nov\u011b te\u010f <a class=\"mh-excerpt-more\" href=\"https:\/\/www.invarena.cz\/?p=29567\" title=\"Star\u0161\u00ed Litovelany voz\u00ed po m\u011bst\u011b senior taxi\">[&#8230;]<\/a><\/p>\n<\/div>","protected":false},"author":1,"featured_media":5054,"comment_status":"open","ping_status":"closed","sticky":false,"template":"","format":"standard","meta":{"footnotes":""},"categories":[9],"tags":[],"class_list":["post-29567","post","type-post","status-publish","format-standard","has-post-thumbnail","hentry","category-zpravy"],"_links":{"self":[{"href":"https:\/\/www.invarena.cz\/index.php?rest_route=\/wp\/v2\/posts\/29567","targetHints":{"allow":["GET"]}}],"collection":[{"href":"https:\/\/www.invarena.cz\/index.php?rest_route=\/wp\/v2\/posts"}],"about":[{"href":"https:\/\/www.invarena.cz\/index.php?rest_route=\/wp\/v2\/types\/post"}],"author":[{"embeddable":true,"href":"https:\/\/www.invarena.cz\/index.php?rest_route=\/wp\/v2\/users\/1"}],"replies":[{"embeddable":true,"href":"https:\/\/www.invarena.cz\/index.php?rest_route=%2Fwp%2Fv2%2Fcomments&post=29567"}],"version-history":[{"count":0,"href":"https:\/\/www.invarena.cz\/index.php?rest_route=\/wp\/v2\/posts\/29567\/revisions"}],"wp:featuredmedia":[{"embeddable":true,"href":"https:\/\/www.invarena.cz\/index.php?rest_route=\/wp\/v2\/media\/5054"}],"wp:attachment":[{"href":"https:\/\/www.invarena.cz\/index.php?rest_route=%2Fwp%2Fv2%2Fmedia&parent=29567"}],"wp:term":[{"taxonomy":"category","embeddable":true,"href":"https:\/\/www.invarena.cz\/index.php?rest_route=%2Fwp%2Fv2%2Fcategories&post=29567"},{"taxonomy":"post_tag","embeddable":true,"href":"https:\/\/www.invarena.cz\/index.php?rest_route=%2Fwp%2Fv2%2Ftags&post=29567"}],"curies":[{"name":"wp","href":"https:\/\/api.w.org\/{rel}","templated":true}]}}