{"id":29577,"date":"2017-11-22T13:36:48","date_gmt":"2017-11-22T12:36:48","guid":{"rendered":"http:\/\/www.invarena.cz\/?p=29577"},"modified":"2017-11-22T13:36:48","modified_gmt":"2017-11-22T12:36:48","slug":"charitativni-jarmark-pomuze-postizenym-detem","status":"publish","type":"post","link":"https:\/\/www.invarena.cz\/?p=29577","title":{"rendered":"Charitativn\u00ed jarmark pom\u016f\u017ee posti\u017een\u00fdm d\u011btem"},"content":{"rendered":"<p><strong>Pro p\u0159edv\u00e1no\u010dn\u00ed obdob\u00ed je typick\u00e9 i po\u0159\u00e1d\u00e1n\u00ed dobro\u010dinn\u00fdch akc\u00ed. Jednou z nejv\u011bt\u0161\u00edch v regionu bude v p\u0159\u00ed\u0161t\u00edm t\u00fddnu Charitativn\u00ed v\u00e1no\u010dn\u00ed jarmark.<\/strong><\/p>\n<p><!--more--><\/p>\n<p>Doma\u017elice \u2013 &#8222;Chyst\u00e1me ho na st\u0159edu 29. listopadu od 13 hodin ve velk\u00e9m s\u00e1le doma\u017elick\u00e9ho MKS. Objev\u00ed se na n\u011bm mnoho v\u00e1no\u010dn\u00edch dekorac\u00ed, sv\u00ed\u010dek, pern\u00ed\u010dk\u016f i r\u016fzn\u00fdch druh\u016f ozdob \u2013 h\u00e1\u010dkovan\u00fdch, pleten\u00fdch nebo kor\u00e1lkov\u00fdch,&#8220; uvedla p\u0159edsedkyn\u011b po\u0159adatelsk\u00e9ho spolku UCHO-Univerz\u00e1ln\u00ed chodsk\u00e1 organizace Lenka Tich\u00e1\u010dkov\u00e1.<\/p>\n<p>Pro n\u00e1v\u0161t\u011bvn\u00edky bude p\u0159ipraven podobn\u00fd sortiment jako na velk\u00e9 v\u00e1no\u010dn\u00ed v\u00fdstav\u011b, kter\u00e1 prob\u011bhla o uplynul\u00e9m v\u00edkendu v tluma\u010dovsk\u00e9m kulturn\u00edm dom\u011b. &#8222;K zakoupen\u00ed budou i v\u00fdrobky dom\u00e1c\u00ed kuchyn\u011b, nap\u0159\u00edklad pe\u010den\u00e9 \u010daje, marmel\u00e1dy a dal\u0161\u00ed dobroty,&#8220; l\u00e1k\u00e1 Tich\u00e1\u010dkov\u00e1.<\/p>\n<p>&#8222;V\u00fdt\u011b\u017eek je ur\u010den na \u010dinnost spolku UCHO a na pokryt\u00ed n\u00e1klad\u016f Centra Ou\u0161ko ve Kdyni, kter\u00e9 poskytuje soci\u00e1ln\u00ed slu\u017ebu pro d\u011bti s ment\u00e1ln\u00edm a kombinovan\u00fdm posti\u017een\u00edm a pro d\u011bti s naru\u0161enou komunika\u010dn\u00ed schopnost\u00ed,&#8220; p\u0159ipomn\u011bla p\u0159edsedkyn\u011b spolku, kter\u00fd funguje u\u017e od roku 2012.<\/p>\n<p>JOSEF BABOR<br \/>\nDoma\u017elick\u00fd den\u00edk<br \/>\n<a href=\"http:\/\/domazlicky.denik.cz\/\">http:\/\/domazlicky.denik.cz\/<\/a><\/p>\n","protected":false},"excerpt":{"rendered":"<div class=\"mh-excerpt\"><p>Pro p\u0159edv\u00e1no\u010dn\u00ed obdob\u00ed je typick\u00e9 i po\u0159\u00e1d\u00e1n\u00ed dobro\u010dinn\u00fdch akc\u00ed. Jednou z nejv\u011bt\u0161\u00edch v regionu bude v p\u0159\u00ed\u0161t\u00edm t\u00fddnu Charitativn\u00ed v\u00e1no\u010dn\u00ed jarmark.<\/p>\n<\/div>","protected":false},"author":1,"featured_media":0,"comment_status":"open","ping_status":"closed","sticky":false,"template":"","format":"standard","meta":{"footnotes":""},"categories":[9],"tags":[],"class_list":["post-29577","post","type-post","status-publish","format-standard","hentry","category-zpravy"],"_links":{"self":[{"href":"https:\/\/www.invarena.cz\/index.php?rest_route=\/wp\/v2\/posts\/29577","targetHints":{"allow":["GET"]}}],"collection":[{"href":"https:\/\/www.invarena.cz\/index.php?rest_route=\/wp\/v2\/posts"}],"about":[{"href":"https:\/\/www.invarena.cz\/index.php?rest_route=\/wp\/v2\/types\/post"}],"author":[{"embeddable":true,"href":"https:\/\/www.invarena.cz\/index.php?rest_route=\/wp\/v2\/users\/1"}],"replies":[{"embeddable":true,"href":"https:\/\/www.invarena.cz\/index.php?rest_route=%2Fwp%2Fv2%2Fcomments&post=29577"}],"version-history":[{"count":0,"href":"https:\/\/www.invarena.cz\/index.php?rest_route=\/wp\/v2\/posts\/29577\/revisions"}],"wp:attachment":[{"href":"https:\/\/www.invarena.cz\/index.php?rest_route=%2Fwp%2Fv2%2Fmedia&parent=29577"}],"wp:term":[{"taxonomy":"category","embeddable":true,"href":"https:\/\/www.invarena.cz\/index.php?rest_route=%2Fwp%2Fv2%2Fcategories&post=29577"},{"taxonomy":"post_tag","embeddable":true,"href":"https:\/\/www.invarena.cz\/index.php?rest_route=%2Fwp%2Fv2%2Ftags&post=29577"}],"curies":[{"name":"wp","href":"https:\/\/api.w.org\/{rel}","templated":true}]}}