{"id":29672,"date":"2017-12-01T09:59:04","date_gmt":"2017-12-01T08:59:04","guid":{"rendered":"http:\/\/www.invarena.cz\/?p=29672"},"modified":"2017-12-01T09:59:04","modified_gmt":"2017-12-01T08:59:04","slug":"ombudsmanka-v-lecebnach-dlouhodobe-nemocnych-je-malo-personalu","status":"publish","type":"post","link":"https:\/\/www.invarena.cz\/?p=29672","title":{"rendered":"Ombudsmanka: V l\u00e9\u010debn\u00e1ch dlouhodob\u011b nemocn\u00fdch je m\u00e1lo person\u00e1lu"},"content":{"rendered":"<p><strong>V l\u00e9\u010debn\u00e1ch dlouhodob\u011b nemocn\u00fdch je m\u00e1lo person\u00e1lu, \u0159ekla ombudsmanka Anna \u0160abatov\u00e1. Nav\u0161t\u00edvila osm l\u00e9\u010deben. Nikde nezjistila hrub\u00e9 chov\u00e1n\u00ed, naopak se person\u00e1l podle n\u00ed chov\u00e1 hezky. Kv\u016fli nedostatku zam\u011bstnanc\u016f a \u010dasu v\u0161ak d\u011bl\u00e1 pouze nezbytn\u00e9 \u00fakony a nem\u016f\u017ee se lidem v\u011bnovat individu\u00e1ln\u011b, uvedla.<\/strong><!--more--><\/p>\n<p>D\u00e1v\u00e1 proto 102 doporu\u010den\u00ed l\u00e9\u010debn\u00e1m a sedm dal\u0161\u00edch ministerstvu, jak by \u0161lo situaci zlep\u0161it. Podle n\u00ed by se ministerstvo m\u011blo zasadit o po\u010detn\u011bj\u0161\u00ed person\u00e1l, u l\u00e9\u010deben doporu\u010duje zm\u011bnit p\u0159\u00edstup a organizaci pr\u00e1ce.<\/p>\n<p>Z n\u00e1v\u0161t\u011bv vyplynuly i dal\u0161\u00ed nedostatky, kter\u00e9 mohou v\u00e9st k z\u00e1sah\u016fm do d\u016fstojnosti a soukrom\u00ed pacient\u016f. \u0160abatov\u00e1 uvedla nap\u0159\u00edklad to, \u017ee je mnoho lid\u00ed na jednom pokoji, tak\u017ee nemaj\u00ed soukrom\u00ed, pokoje jsou neosobn\u00ed a stroh\u00e9, chyb\u00ed dostatek rehabilitace, ale i signaliza\u010dn\u00ed za\u0159\u00edzen\u00ed pro p\u0159ivol\u00e1n\u00ed pomoci, pokoje ani toalety nejsou bezbari\u00e9rov\u00e9 a sch\u00e1z\u00ed systematick\u00e1 prevence podv\u00fd\u017eivy a dehydratace. Person\u00e1l tak\u00e9 nem\u00e1 \u010das na to v\u00e9st pacienty k sob\u011bsta\u010dnosti.<\/p>\n<p>V\u011bt\u0161inu pacient\u016f l\u00e9\u010deben dlouhodob\u011b nemocn\u00fdch tvo\u0159\u00ed podle \u0160abatov\u00e9 k\u0159ehc\u00ed senio\u0159i ve v\u011bku 75 a v\u00edce let. Sou\u010d\u00e1st\u00ed t\u00fdmu ombudsmanky p\u0159i n\u00e1v\u0161t\u011bv\u00e1ch byli i l\u00e9ka\u0159i a v\u0161eobecn\u00e9 sestry. Kancel\u00e1\u0159 po\u0161le v\u00fdstup z n\u00e1v\u0161t\u011bv v\u0161em l\u00e9\u010debn\u00e1m dlouhodob\u011b nemocn\u00fdch, ministerstvu zdravotnictv\u00ed, ale tak\u00e9 krajsk\u00fdm \u00fa\u0159ad\u016fm, vysok\u00fdm \u0161kol\u00e1m, st\u0159edn\u00edm zdravotnick\u00fdm \u0161kol\u00e1m a odborn\u00fdm spole\u010dnostem, aby se mohla se situac\u00ed sezn\u00e1mit i nej\u0161ir\u0161\u00ed odborn\u00e1 ve\u0159ejnost a praxe se mohla zlep\u0161it.<\/p>\n<\/div>\n<\/div>\n<\/div>\n","protected":false},"excerpt":{"rendered":"<div class=\"mh-excerpt\"><p>V l\u00e9\u010debn\u00e1ch dlouhodob\u011b nemocn\u00fdch je m\u00e1lo person\u00e1lu, \u0159ekla ombudsmanka Anna \u0160abatov\u00e1. Nav\u0161t\u00edvila osm l\u00e9\u010deben. Nikde nezjistila hrub\u00e9 chov\u00e1n\u00ed, naopak se person\u00e1l podle n\u00ed chov\u00e1 hezky. <a class=\"mh-excerpt-more\" href=\"https:\/\/www.invarena.cz\/?p=29672\" title=\"Ombudsmanka: V l\u00e9\u010debn\u00e1ch dlouhodob\u011b nemocn\u00fdch je m\u00e1lo person\u00e1lu\">[&#8230;]<\/a><\/p>\n<\/div>","protected":false},"author":1,"featured_media":14575,"comment_status":"open","ping_status":"closed","sticky":false,"template":"","format":"standard","meta":{"footnotes":""},"categories":[9],"tags":[],"class_list":["post-29672","post","type-post","status-publish","format-standard","has-post-thumbnail","hentry","category-zpravy"],"_links":{"self":[{"href":"https:\/\/www.invarena.cz\/index.php?rest_route=\/wp\/v2\/posts\/29672","targetHints":{"allow":["GET"]}}],"collection":[{"href":"https:\/\/www.invarena.cz\/index.php?rest_route=\/wp\/v2\/posts"}],"about":[{"href":"https:\/\/www.invarena.cz\/index.php?rest_route=\/wp\/v2\/types\/post"}],"author":[{"embeddable":true,"href":"https:\/\/www.invarena.cz\/index.php?rest_route=\/wp\/v2\/users\/1"}],"replies":[{"embeddable":true,"href":"https:\/\/www.invarena.cz\/index.php?rest_route=%2Fwp%2Fv2%2Fcomments&post=29672"}],"version-history":[{"count":0,"href":"https:\/\/www.invarena.cz\/index.php?rest_route=\/wp\/v2\/posts\/29672\/revisions"}],"wp:featuredmedia":[{"embeddable":true,"href":"https:\/\/www.invarena.cz\/index.php?rest_route=\/wp\/v2\/media\/14575"}],"wp:attachment":[{"href":"https:\/\/www.invarena.cz\/index.php?rest_route=%2Fwp%2Fv2%2Fmedia&parent=29672"}],"wp:term":[{"taxonomy":"category","embeddable":true,"href":"https:\/\/www.invarena.cz\/index.php?rest_route=%2Fwp%2Fv2%2Fcategories&post=29672"},{"taxonomy":"post_tag","embeddable":true,"href":"https:\/\/www.invarena.cz\/index.php?rest_route=%2Fwp%2Fv2%2Ftags&post=29672"}],"curies":[{"name":"wp","href":"https:\/\/api.w.org\/{rel}","templated":true}]}}