{"id":29716,"date":"2017-12-06T09:45:48","date_gmt":"2017-12-06T08:45:48","guid":{"rendered":"http:\/\/www.invarena.cz\/?p=29716"},"modified":"2017-12-06T09:45:48","modified_gmt":"2017-12-06T08:45:48","slug":"v-cr-vznika-sit-pomoci-ohrozenym-detem-a-rodinam","status":"publish","type":"post","link":"https:\/\/www.invarena.cz\/?p=29716","title":{"rendered":"V \u010cR vznik\u00e1 s\u00ed\u0165 pomoci ohro\u017een\u00fdm d\u011btem a rodin\u00e1m"},"content":{"rendered":"<p><strong>N\u011bkolik tis\u00edc rodin v \u010cR se pot\u00fdk\u00e1 s probl\u00e9my a pot\u0159ebuje v\u010dasnou a dostupnou pomoc tak, aby nedo\u0161lo k ohro\u017een\u00ed d\u011bt\u00ed nebo jejich odebr\u00e1n\u00ed. Podp\u016frnou s\u00ed\u0165, kter\u00e1 m\u016f\u017ee takov\u00e9 rodiny zachytit, tvo\u0159\u00ed nej\u010dast\u011bji \u0161kola, l\u00e9ka\u0159i nebo soci\u00e1ln\u00ed pracovn\u00edci.<\/strong><br \/>\n<!--more--><br \/>\nK podpo\u0159e jejich vz\u00e1jemn\u00e9 spolupr\u00e1ce a dal\u0161\u00edho rozvoje s\u00edt\u011b p\u016fsob\u00ed ve v\u00edce ne\u017e 120 obc\u00edch a v 11 kraj\u00edch tzv. lok\u00e1ln\u00ed s\u00ed\u0165a\u0159i. Jsou to pro\u0161kolen\u00ed pracovn\u00edci projektu MPSV \u201eSyst\u00e9mov\u00fd rozvoj a podpora n\u00e1stroj\u016f soci\u00e1ln\u011b-pr\u00e1vn\u00ed ochrany d\u011bt\u00ed\u201c, jejich\u017e hlavn\u00edm \u00fakolem je propojit v\u0161echny m\u00edstn\u00ed akt\u00e9ry a sjednotit postupy sm\u011b\u0159uj\u00edc\u00ed k ochran\u011b ohro\u017een\u00fdch d\u011bt\u00ed.<\/p>\n<p>\u201eSyst\u00e9m ochrany ohro\u017een\u00fdch d\u011bt\u00ed je v \u010cesk\u00e9 republice rozd\u011blen mezi rezorty pr\u00e1ce a soci\u00e1ln\u00edch v\u011bc\u00ed, \u0161kolstv\u00ed a zdravotnictv\u00ed. Akt\u00e9\u0159i p\u0159i vz\u00e1jemn\u00e9 spolupr\u00e1ci v r\u00e1mci s\u00edt\u011b proto musej\u00ed p\u0159ekon\u00e1vat n\u011bkter\u00e9 bari\u00e9ry. Jak ale ukazuje mimo jin\u00e9 i zahrani\u010dn\u00ed praxe, pr\u00e1v\u011b t\u00fdmov\u00e1 pr\u00e1ce je nejefektivn\u011bj\u0161\u00edm \u0159e\u0161en\u00edm,\u201c uvedla ministryn\u011b pr\u00e1ce a soci\u00e1ln\u00edch v\u011bc\u00ed Michaela Marksov\u00e1. S\u00ed\u0165ov\u00e1n\u00ed slu\u017eeb je podle jej\u00edch slov prim\u00e1rn\u011b \u00fakolem org\u00e1n\u016f soci\u00e1ln\u011b-pr\u00e1vn\u00ed ochrany d\u011bt\u00ed (OSPOD), kter\u00e9 ale \u010dasto nemaj\u00ed dostate\u010dn\u00e9 kapacity a tak\u00e9 se nezam\u011b\u0159uj\u00ed na d\u011bti, kter\u00e9 zat\u00edm nespadaj\u00ed do kategorie ohro\u017een\u00fdch.<\/p>\n<p>S\u00ed\u0165ov\u00e1n\u00ed slu\u017eeb je v zahrani\u010d\u00ed ov\u011b\u0159enou a zavedenou prax\u00ed. Konkr\u00e9tn\u00ed poznatky byly p\u0159edstaveny na mezin\u00e1rodn\u00ed konferenci ProS\u00cd\u0164ov\u00e1n\u00edm k rozvoji slu\u017eeb pro ohro\u017een\u00e9 d\u011bti a rodiny, kterou minul\u00fd t\u00fdden po\u0159\u00e1dalo MPSV. Odborn\u00edci ze Severn\u00edho Irska zde p\u0159edstavili sv\u00e9 zku\u0161enosti ze v\u010dasn\u00e9 pr\u00e1ce s ohro\u017eenou rodinou (tzv. Family Support Hub), kter\u00e1 se zam\u011b\u0159uje na zprost\u0159edkov\u00e1n\u00ed m\u00edstn\u00edch podp\u016frn\u00fdch slu\u017eeb rodin\u00e1m s d\u011btmi na m\u00edru, a to podle jejich pot\u0159eb. \u010ce\u0161t\u00ed lok\u00e1ln\u00ed s\u00ed\u0165a\u0159i uk\u00e1zali, jak podpo\u0159ili spolupr\u00e1ci m\u00edstn\u00edch akt\u00e9r\u016f s\u00edt\u011b, a\u0165 u\u017e se jednalo o situace t\u00fdkaj\u00edc\u00ed se rozvodov\u00fdch spor\u016f o d\u011bti \u010di lep\u0161\u00ed informovanost \u0161kol o dostupn\u00fdch nab\u00eddk\u00e1ch pomoci ohro\u017een\u00fdm d\u011btem.<\/p>\n<p>Pr\u00e1v\u011b d\u016fraz na uplat\u0148ov\u00e1n\u00ed partnersk\u00e9ho p\u0159\u00edstupu a dohodu s rodi\u010di ze strany \u00fa\u0159ad\u016f zm\u00ednil jako jeden z trend\u016f, kter\u00fd se objevuje v zahrani\u010d\u00ed, expert v oblasti pr\u00e1v d\u011bt\u00ed Miloslav Macela. P\u0159edstavil jeden z v\u00fdstup\u016f projektu &#8211; anal\u00fdzu zam\u011b\u0159enou na inovativn\u00ed slu\u017eby pro rodiny a d\u011bti v \u010cR, kter\u00e1 popisuje nejnov\u011bj\u0161\u00ed zahrani\u010dn\u00ed p\u0159\u00edstupy k poskytov\u00e1n\u00ed slu\u017eeb rodin\u00e1m s d\u011btmi a mo\u017enost jejich p\u0159enosu do prost\u0159ed\u00ed \u010cR. Konkr\u00e9tn\u011b jde nap\u0159. o d\u00e1nsk\u00fd syst\u00e9m p\u00e9\u010de o t\u011bhotn\u00e9 \u017eeny a ohro\u017een\u00e9 d\u011bti v prvn\u00edch m\u011bs\u00edc\u00edch po narozen\u00ed nebo v\u011bt\u0161\u00ed dostupnost soci\u00e1ln\u00ed pr\u00e1ce a slu\u017eeb rodin\u00e1m s d\u011btmi.<\/p>\n<p>V\u00fdstupy a informace z mezin\u00e1rodn\u00ed konference \u201eProS\u00cd\u0164ov\u00e1n\u00edm k rozvoji slu\u017eeb pro ohro\u017een\u00e9 d\u011bti a rodiny\u201c, stejn\u011b jako dal\u0161\u00ed informace t\u00fdkaj\u00edc\u00ed se transformace syst\u00e9mu p\u00e9\u010de o ohro\u017een\u00e9 d\u011bti, najdete na webov\u00fdch str\u00e1nk\u00e1ch <a href=\"http:\/\/www.pravonadetstvi.cz\">www.pravonadetstvi.cz<\/a>.<\/p>\n<p>Petr Hab\u00e1\u0148<br \/>\ntiskov\u00fd mluv\u010d\u00ed MPSV<\/p>\n","protected":false},"excerpt":{"rendered":"<div class=\"mh-excerpt\"><p>N\u011bkolik tis\u00edc rodin v \u010cR se pot\u00fdk\u00e1 s probl\u00e9my a pot\u0159ebuje v\u010dasnou a dostupnou pomoc tak, aby nedo\u0161lo k ohro\u017een\u00ed d\u011bt\u00ed nebo jejich odebr\u00e1n\u00ed. Podp\u016frnou <a class=\"mh-excerpt-more\" href=\"https:\/\/www.invarena.cz\/?p=29716\" title=\"V \u010cR vznik\u00e1 s\u00ed\u0165 pomoci ohro\u017een\u00fdm d\u011btem a rodin\u00e1m\">[&#8230;]<\/a><\/p>\n<\/div>","protected":false},"author":1,"featured_media":27495,"comment_status":"open","ping_status":"closed","sticky":false,"template":"","format":"standard","meta":{"footnotes":""},"categories":[9],"tags":[],"class_list":["post-29716","post","type-post","status-publish","format-standard","has-post-thumbnail","hentry","category-zpravy"],"_links":{"self":[{"href":"https:\/\/www.invarena.cz\/index.php?rest_route=\/wp\/v2\/posts\/29716","targetHints":{"allow":["GET"]}}],"collection":[{"href":"https:\/\/www.invarena.cz\/index.php?rest_route=\/wp\/v2\/posts"}],"about":[{"href":"https:\/\/www.invarena.cz\/index.php?rest_route=\/wp\/v2\/types\/post"}],"author":[{"embeddable":true,"href":"https:\/\/www.invarena.cz\/index.php?rest_route=\/wp\/v2\/users\/1"}],"replies":[{"embeddable":true,"href":"https:\/\/www.invarena.cz\/index.php?rest_route=%2Fwp%2Fv2%2Fcomments&post=29716"}],"version-history":[{"count":0,"href":"https:\/\/www.invarena.cz\/index.php?rest_route=\/wp\/v2\/posts\/29716\/revisions"}],"wp:featuredmedia":[{"embeddable":true,"href":"https:\/\/www.invarena.cz\/index.php?rest_route=\/wp\/v2\/media\/27495"}],"wp:attachment":[{"href":"https:\/\/www.invarena.cz\/index.php?rest_route=%2Fwp%2Fv2%2Fmedia&parent=29716"}],"wp:term":[{"taxonomy":"category","embeddable":true,"href":"https:\/\/www.invarena.cz\/index.php?rest_route=%2Fwp%2Fv2%2Fcategories&post=29716"},{"taxonomy":"post_tag","embeddable":true,"href":"https:\/\/www.invarena.cz\/index.php?rest_route=%2Fwp%2Fv2%2Ftags&post=29716"}],"curies":[{"name":"wp","href":"https:\/\/api.w.org\/{rel}","templated":true}]}}