{"id":29748,"date":"2017-12-07T18:50:22","date_gmt":"2017-12-07T17:50:22","guid":{"rendered":"http:\/\/www.invarena.cz\/?p=29748"},"modified":"2017-12-07T18:50:22","modified_gmt":"2017-12-07T17:50:22","slug":"kalendare-pomahaly-splnily-prani-nevidomym-sestram","status":"publish","type":"post","link":"https:\/\/www.invarena.cz\/?p=29748","title":{"rendered":"Kalend\u00e1\u0159e pom\u00e1haly. Splnily p\u0159\u00e1n\u00ed nevidom\u00fdm sestr\u00e1m"},"content":{"rendered":"<p><strong>Pot\u0159ebovala bych kalkula\u010dku s hlasov\u00fdm v\u00fdstupem, proto\u017ee jsem za\u010dala studovat na st\u0159edn\u00ed \u0161kole a pot\u0159ebuji ji ke studiu. A j\u00e1 bych si koupila tibetsk\u00e9 m\u00edsy a n\u00e1stroj sundrum, proto\u017ee m\u011b bav\u00ed muzikoterapie a cht\u011bla bych se j\u00ed v\u011bnovat. Prvn\u00ed p\u0159\u00e1n\u00ed vyslovila sedmn\u00e1ctilet\u00e1 Nikol Buk\u00f3ciov\u00e1 a druh\u00e9 jej\u00ed \u0161estadvacetilet\u00e1 sestra Lenka. Ob\u011b dv\u011b d\u00edvky jsou od narozen\u00ed nevidom\u00e9. <!--more--><\/strong><\/p>\n<p>A ob\u011bma d\u011bv\u010dat\u016fm se jejich p\u0159\u00e1n\u00ed splnilo. B\u011bhem zah\u00e1jen\u00ed adventu v Lokti p\u0159evzaly \u0161ek na 30 tis\u00edc korun, co\u017e byl v\u00fdt\u011b\u017eek z prodeje kalend\u00e1\u0159\u016f s fotografiemi Lokte. Ten vznikl d\u00edky spole\u010dn\u00e9mu projektu m\u011bsta a Vladim\u00edra Suchana a agentury Vlny. Ta kalend\u00e1\u0159e p\u0159ipravila a vydala a bylo rozhodnuto, \u017ee v\u00fdt\u011b\u017eek bude v\u011bnov\u00e1n na charitativn\u00ed \u00fa\u010dely.<\/p>\n<p>&#8222;Dlouho jsme zva\u017eovali, koho touto charitou pot\u011b\u0161it. A zvolili jsme dv\u011b n\u00e1dhern\u00e9 sle\u010dny, kter\u00fdm nebylo umo\u017en\u011bno to, co n\u00e1m, \u017ee vid\u011bt je naprosto norm\u00e1ln\u00ed. Chceme jim splnit jejich tajn\u00e1 p\u0159\u00e1n\u00ed,&#8220; uvedl starosta Lokte Zden\u011bk Bedn\u00e1\u0159.<\/p>\n<p>D\u011bv\u010data si jako p\u0159ekvapen\u00ed p\u0159ipravila pro v\u0161echny mal\u00e9 p\u0159edv\u00e1no\u010dn\u00ed vystoupen\u00ed. Ob\u011b jsou toti\u017e velmi muzik\u00e1ln\u011b nadan\u00e9. Mlad\u0161\u00ed Nikol, studentka St\u0159edn\u00ed pedagogick\u00e9 \u0161koly Karlovy Vary, obor soci\u00e1ln\u00ed \u010dinnost, za\u010dala p\u016fvodn\u011b chodit na klav\u00edr a na zp\u011bv, ale asi p\u0159ed sedmi lety j\u00ed u\u010darovala harmonika. Tak s n\u00ed te\u010f obr\u00e1\u017e\u00ed srazy harmonik\u00e1\u0159\u016f po cel\u00e9 republice. Krom\u011b toho zp\u00edv\u00e1 ve dvou sborech a je \u010dlenkou folklorn\u00edho souboru Dyle\u0148. Jednou by r\u00e1da studovala historii. Star\u0161\u00ed Lenka vystudovala konzervato\u0159 a zaj\u00edm\u00e1 se o muzikoterapii, kterou by r\u00e1da provozovala v budoucnu t\u0159eba v n\u011bkter\u00e9m ze stacion\u00e1\u0159\u016f.<\/p>\n<p>Chebsk\u00fd den\u00edk<br \/>\n<a href=\"http:\/\/chebsky.denik.cz\/\">http:\/\/chebsky.denik.cz\/<\/a><\/p>\n","protected":false},"excerpt":{"rendered":"<div class=\"mh-excerpt\"><p>Pot\u0159ebovala bych kalkula\u010dku s hlasov\u00fdm v\u00fdstupem, proto\u017ee jsem za\u010dala studovat na st\u0159edn\u00ed \u0161kole a pot\u0159ebuji ji ke studiu. A j\u00e1 bych si koupila tibetsk\u00e9 m\u00edsy <a class=\"mh-excerpt-more\" href=\"https:\/\/www.invarena.cz\/?p=29748\" title=\"Kalend\u00e1\u0159e pom\u00e1haly. Splnily p\u0159\u00e1n\u00ed nevidom\u00fdm sestr\u00e1m\">[&#8230;]<\/a><\/p>\n<\/div>","protected":false},"author":1,"featured_media":0,"comment_status":"open","ping_status":"closed","sticky":false,"template":"","format":"standard","meta":{"footnotes":""},"categories":[9],"tags":[],"class_list":["post-29748","post","type-post","status-publish","format-standard","hentry","category-zpravy"],"_links":{"self":[{"href":"https:\/\/www.invarena.cz\/index.php?rest_route=\/wp\/v2\/posts\/29748","targetHints":{"allow":["GET"]}}],"collection":[{"href":"https:\/\/www.invarena.cz\/index.php?rest_route=\/wp\/v2\/posts"}],"about":[{"href":"https:\/\/www.invarena.cz\/index.php?rest_route=\/wp\/v2\/types\/post"}],"author":[{"embeddable":true,"href":"https:\/\/www.invarena.cz\/index.php?rest_route=\/wp\/v2\/users\/1"}],"replies":[{"embeddable":true,"href":"https:\/\/www.invarena.cz\/index.php?rest_route=%2Fwp%2Fv2%2Fcomments&post=29748"}],"version-history":[{"count":0,"href":"https:\/\/www.invarena.cz\/index.php?rest_route=\/wp\/v2\/posts\/29748\/revisions"}],"wp:attachment":[{"href":"https:\/\/www.invarena.cz\/index.php?rest_route=%2Fwp%2Fv2%2Fmedia&parent=29748"}],"wp:term":[{"taxonomy":"category","embeddable":true,"href":"https:\/\/www.invarena.cz\/index.php?rest_route=%2Fwp%2Fv2%2Fcategories&post=29748"},{"taxonomy":"post_tag","embeddable":true,"href":"https:\/\/www.invarena.cz\/index.php?rest_route=%2Fwp%2Fv2%2Ftags&post=29748"}],"curies":[{"name":"wp","href":"https:\/\/api.w.org\/{rel}","templated":true}]}}