{"id":29777,"date":"2017-12-11T16:30:32","date_gmt":"2017-12-11T15:30:32","guid":{"rendered":"http:\/\/www.invarena.cz\/?p=29777"},"modified":"2017-12-11T16:30:32","modified_gmt":"2017-12-11T15:30:32","slug":"bez-barier-at-vozickari-cvici-se-zdravymi","status":"publish","type":"post","link":"https:\/\/www.invarena.cz\/?p=29777","title":{"rendered":"Bez bari\u00e9r: a\u0165 voz\u00ed\u010dk\u00e1\u0159i cvi\u010d\u00ed se zdrav\u00fdmi"},"content":{"rendered":"<p><strong>Hendikepovan\u00ed spole\u010dn\u011b se zdrav\u00fdmi lidmi si budou moci v Brn\u011b od p\u0159\u00ed\u0161t\u00edho roku zacvi\u010dit na workoutov\u00e9m h\u0159i\u0161ti. Brn\u011bn\u0161t\u00ed radn\u00ed cht\u011bj\u00ed bu\u010f postavit nov\u00e9, nebo upravit n\u011bkter\u00e9 ze st\u00e1vaj\u00edc\u00edch h\u0159i\u0161\u0165 tak, aby ho mohli vyu\u017e\u00edvat i zdravotn\u011b posti\u017een\u00ed. Informovali o tom minul\u00fd t\u00fdden. <\/strong><!--more--><\/p>\n<p>Brno \u2013 Radn\u00ed cht\u011bj\u00ed podpo\u0159it setk\u00e1v\u00e1n\u00ed a spole\u010dn\u00e9 cvi\u010den\u00ed zdrav\u00fdch a t\u011blesn\u011b posti\u017een\u00fdch sportovc\u016f. &#8222;H\u0159i\u0161t\u011b pro hendikepovan\u00e9 se li\u0161\u00ed v\u00fd\u0161kou \u00fachopu nebo p\u0159\u00edstupu k jednotliv\u00fdm hrazd\u00e1m, aby se tam dostal nap\u0159\u00edklad i voz\u00ed\u010dk\u00e1\u0159,&#8220; vysv\u011btlil vedouc\u00ed projekt\u016f Nada\u010dn\u00edho fondu Emil Pavel Zbo\u017e\u00ednek, kter\u00fd projekt radn\u00edm navrhl.<\/p>\n<p>O tom, kde h\u0159i\u0161t\u011b bude, rozhodnou hendikepovan\u00ed sportovci na za\u010d\u00e1tku p\u0159\u00ed\u0161t\u00edho roku v anket\u011b. &#8222;Navrhujeme roz\u0161\u00ed\u0159it workoutov\u00e9 h\u0159i\u0161t\u011b v Lu\u017e\u00e1neck\u00e9m parku, nebo postavit nov\u00e9 v Pavilonu Anthropos v Pis\u00e1reck\u00e9 ulici, p\u0159\u00edpadn\u011b v Kn\u00edni\u010dk\u00e1ch u pl\u00e1novan\u00e9ho paracentra F\u00e9nix. Nebr\u00e1n\u00edme se ale dal\u0161\u00edm mo\u017enostem,&#8220; uvedl brn\u011bnsk\u00fd radn\u00ed pro \u0161kolstv\u00ed a t\u011blov\u00fdchovu Jaroslav Such\u00fd.<\/p>\n<p>N\u00e1pad oce\u0148uje nap\u0159\u00edklad vedouc\u00ed cvi\u010ditel Sportovn\u00edho klubu Koci\u00e1nka pro t\u011blesn\u011b posti\u017een\u00e9 Martin Pol\u00e1\u0161ek. &#8222;V\u00edm i o n\u011bkter\u00fdch na\u0161ich sportovc\u00edch, kte\u0159\u00ed h\u0159i\u0161t\u011b r\u00e1di vyu\u017eij\u00ed,&#8220; zhodnotil. Z hlediska dostupnosti mu p\u0159ipad\u00e1 vhodn\u00e9 upravit h\u0159i\u0161t\u011b v Lu\u017e\u00e1neck\u00e9m parku.<\/p>\n<p>Z m\u011bstsk\u00e9ho rozpo\u010dtu cht\u011bj\u00ed radn\u00ed na workoutov\u00e9 h\u0159i\u0161t\u011b vy\u010dlenit v\u00edce ne\u017e milion korun. &#8222;Je velk\u00e1 pravd\u011bpodobnost, \u017ee zastupitel\u00e9 n\u00e1vrh rozpo\u010dtu schv\u00e1l\u00ed,&#8220; \u0159ekl Such\u00fd.<\/p>\n<p>H\u0159i\u0161t\u011b m\u00e1 b\u00fdt hotov\u00e9 do podzimu p\u0159\u00ed\u0161t\u00edho roku.<\/p>\n<p>Radn\u00ed budou o jeho podob\u011b a um\u00edst\u011bn\u00ed hovo\u0159it s Poradn\u00edm sborem pro bezbari\u00e9rov\u00e9 Brno. &#8222;Pokud bude m\u00edt h\u0159i\u0161t\u011b mezi hendikepovan\u00fdmi ohlas, zv\u00e1\u017e\u00edme v\u00fdstavbu dal\u0161\u00edch workoutov\u00fdch h\u0159i\u0161\u0165,&#8220; p\u0159isl\u00edbil radn\u00ed Such\u00fd.<\/p>\n<p>Brn\u011bnsk\u00fd den\u00edk<br \/>\n<a href=\"http:\/\/brnensky.denik.cz\/\">http:\/\/brnensky.denik.cz\/<\/a><\/p>\n","protected":false},"excerpt":{"rendered":"<div class=\"mh-excerpt\"><p>Hendikepovan\u00ed spole\u010dn\u011b se zdrav\u00fdmi lidmi si budou moci v Brn\u011b od p\u0159\u00ed\u0161t\u00edho roku zacvi\u010dit na workoutov\u00e9m h\u0159i\u0161ti. Brn\u011bn\u0161t\u00ed radn\u00ed cht\u011bj\u00ed bu\u010f postavit nov\u00e9, nebo upravit <a class=\"mh-excerpt-more\" href=\"https:\/\/www.invarena.cz\/?p=29777\" title=\"Bez bari\u00e9r: a\u0165 voz\u00ed\u010dk\u00e1\u0159i cvi\u010d\u00ed se zdrav\u00fdmi\">[&#8230;]<\/a><\/p>\n<\/div>","protected":false},"author":1,"featured_media":904,"comment_status":"open","ping_status":"closed","sticky":false,"template":"","format":"standard","meta":{"footnotes":""},"categories":[9],"tags":[],"class_list":["post-29777","post","type-post","status-publish","format-standard","has-post-thumbnail","hentry","category-zpravy"],"_links":{"self":[{"href":"https:\/\/www.invarena.cz\/index.php?rest_route=\/wp\/v2\/posts\/29777","targetHints":{"allow":["GET"]}}],"collection":[{"href":"https:\/\/www.invarena.cz\/index.php?rest_route=\/wp\/v2\/posts"}],"about":[{"href":"https:\/\/www.invarena.cz\/index.php?rest_route=\/wp\/v2\/types\/post"}],"author":[{"embeddable":true,"href":"https:\/\/www.invarena.cz\/index.php?rest_route=\/wp\/v2\/users\/1"}],"replies":[{"embeddable":true,"href":"https:\/\/www.invarena.cz\/index.php?rest_route=%2Fwp%2Fv2%2Fcomments&post=29777"}],"version-history":[{"count":0,"href":"https:\/\/www.invarena.cz\/index.php?rest_route=\/wp\/v2\/posts\/29777\/revisions"}],"wp:featuredmedia":[{"embeddable":true,"href":"https:\/\/www.invarena.cz\/index.php?rest_route=\/wp\/v2\/media\/904"}],"wp:attachment":[{"href":"https:\/\/www.invarena.cz\/index.php?rest_route=%2Fwp%2Fv2%2Fmedia&parent=29777"}],"wp:term":[{"taxonomy":"category","embeddable":true,"href":"https:\/\/www.invarena.cz\/index.php?rest_route=%2Fwp%2Fv2%2Fcategories&post=29777"},{"taxonomy":"post_tag","embeddable":true,"href":"https:\/\/www.invarena.cz\/index.php?rest_route=%2Fwp%2Fv2%2Ftags&post=29777"}],"curies":[{"name":"wp","href":"https:\/\/api.w.org\/{rel}","templated":true}]}}