{"id":29789,"date":"2017-12-13T16:36:53","date_gmt":"2017-12-13T15:36:53","guid":{"rendered":"http:\/\/www.invarena.cz\/?p=29789"},"modified":"2017-12-13T16:36:53","modified_gmt":"2017-12-13T15:36:53","slug":"financni-sbirka-muze-pomoci-postavit-natalku-na-nohy","status":"publish","type":"post","link":"https:\/\/www.invarena.cz\/?p=29789","title":{"rendered":"Finan\u010dn\u00ed sb\u00edrka m\u016f\u017ee pomoci postavit Nat\u00e1lku na nohy"},"content":{"rendered":"<p><strong>D\u011bv\u010d\u00e1tko se narodilo s mozkovou obrnou, lid\u00e9 se semkli, aby pomohli<\/strong> <!--more--><\/p>\n<p>Mal\u00e1 Losenice, \u017dd\u00edrec nad Doubravou \u2013 Nejednu kru\u0161nou chv\u00edli u\u017e \u017eivot p\u0159ipravil rodi\u010d\u016fm \u010dty\u0159let\u00e9 Nat\u00e1lky. Hol\u010di\u010dka se jim narodila v srpnu 2013 a byla velmi kr\u00e1sn\u00e9 a hodn\u00e9 miminko.<\/p>\n<p>&#8222;V\u0161echna vy\u0161et\u0159en\u00ed v porodnici byla v po\u0159\u00e1dku a dom\u016f jsme byli propu\u0161t\u011bni v domn\u011bn\u00ed, \u017ee si vezeme zdravou princeznu. Po r\u016fzn\u00fdch vy\u0161et\u0159en\u00edch v\u0161ak byla Nat\u00e1lce diagnostikov\u00e1na d\u011btsk\u00e1 mozkov\u00e1 obrna (DMO),&#8220; popsal otec hol\u010di\u010dky Jaroslav Urban s t\u00edm, \u017ee i p\u0159es sv\u00e9 onemocn\u011bn\u00ed je Nat\u00e1lka chytr\u00e1, vesel\u00e1 a \u0161ikovn\u00e1 holka.<\/p>\n<p>RODI\u010cE U\u017d VYZKOU\u0160ELI V\u0160ECHNO<\/p>\n<p>Rodina aktu\u00e1ln\u011b \u017eije ve \u017dd\u00edrci nad Doubravou na Havl\u00ed\u010dkobrodsku, ale v dohledn\u00e9 dob\u011b by se m\u011bla p\u0159est\u011bhovat do Mal\u00e9 Losenice na \u017d\u010f\u00e1rsku, odkud poch\u00e1z\u00ed otec d\u011bv\u010d\u00e1tka. A pr\u00e1v\u011b v Mal\u00e9 Losenici m\u00e1 p\u016fvod i charitativn\u00ed sb\u00edrka, kter\u00e1 m\u00e1 pomoci p\u0159i Nat\u00e1l\u010din\u011b finan\u010dn\u011b n\u00e1kladn\u00e9 l\u00e9\u010db\u011b.<\/p>\n<p>Jej\u00ed rodi\u010de u\u017e toti\u017e zkusili ledacos \u2013 celou \u0159adu r\u016fzn\u00fdch cvi\u010den\u00ed, nap\u0159\u00edklad Vojtovu metodu. \u00da\u010dinek v\u0161ak nebyl nijak zvl\u00e1\u0161\u0165 v\u00fdrazn\u00fd. Prvn\u00ed v\u011bt\u0161\u00ed v\u00fdsledky se dostavily a\u017e pot\u00e9, co hol\u010di\u010dka podstoupila m\u011bs\u00ed\u010dn\u00ed terapii na nov\u00e9 neurorehabilita\u010dn\u00ed klinice Axon v Praze. &#8222;Pokrok tam byl opravdu zn\u00e1t, Nat\u00e1lka se hodn\u011b posunula dop\u0159edu. Terapii, kter\u00e1 trv\u00e1 \u010dty\u0159i t\u00fddny, podstoupila v z\u00e1\u0159\u00ed leto\u0161n\u00edho roku, dal\u0161\u00ed ji \u010dek\u00e1 v b\u0159eznu,&#8220; p\u0159ibl\u00ed\u017eil Jaroslav Urban.<\/p>\n<p>L\u00e9\u010dba, je\u017e pom\u00e1h\u00e1 d\u011btem pod taktovkou odborn\u00edk\u016f p\u0159edev\u0161\u00edm se z\u00edsk\u00e1n\u00edm rovnov\u00e1hy a posiluje svaly cel\u00e9ho t\u011bla, je v\u0161ak velmi finan\u010dn\u011b n\u00e1kladn\u00e1 a nen\u00ed hrazena zdravotn\u00ed poji\u0161\u0165ovnou.<\/p>\n<p>LID\u00c9 DR\u017d\u00cd P\u0158I SOB\u011a<\/p>\n<p>&#8222;\u010cty\u0159t\u00fddenn\u00ed p\u00e9\u010de vyjde na osmdes\u00e1t tis\u00edc korun,&#8220; podotkl otec mal\u00e9 Nat\u00e1lky. Z\u00e1rove\u0148 dodal, \u017ee starost o hol\u010di\u010dku je velice n\u00e1ro\u010dn\u00e1 i \u010dasov\u011b \u2013 maminka d\u00edvenky nechod\u00ed z tohoto d\u016fvod\u016f do zam\u011bstn\u00e1n\u00ed a v\u011bt\u0161inu \u010dasu na terapi\u00edch s n\u00ed tr\u00e1v\u00ed pr\u00e1v\u011b ona. Iniciativa p\u011btice obyvatel Mal\u00e9 Losenice, jim\u017e nen\u00ed osud Nat\u00e1lky lhostejn\u00fd a cht\u011bj\u00ed j\u00ed pomoci postavit se na nohy, rodinu velmi pot\u011b\u0161ila. Ve\u0159ejnou sb\u00edrku s n\u00e1zvem Pomoc pro Nat\u00e1lku za\u0161t\u00edtila p\u0159\u00edmo obec Mal\u00e1 Losenice.<\/p>\n<p>&#8222;Jsme sice jenom mal\u00e1 vesnice, ale o to v\u00edc pospolit\u00e1. Lid\u00e9 se tu hojn\u011b sch\u00e1zej\u00ed na r\u016fzn\u00fdch akc\u00edch a hlavn\u011b dr\u017e\u00ed p\u0159i sob\u011b. D\u016fkazem je pr\u00e1v\u011b i tato sb\u00edrka,&#8220; nechal se sly\u0161et starosta Mal\u00e9 Losenice Jarom\u00edr Jon\u00e1k. Inici\u00e1to\u0159i akce v\u0161ak ze skromnosti necht\u011bj\u00ed, aby byla zve\u0159ej\u0148ov\u00e1na jejich jm\u00e9na.<\/p>\n<p>Na transparentn\u00ed \u00fa\u010det s n\u00e1zvem OBEC MAL\u00c1 LOSENICE a \u010d\u00edslem 1155477020247\/0100 ji\u017e za\u010daly postupn\u011b p\u0159ib\u00fdvat prvn\u00ed vybran\u00e9 pen\u00edze, kter\u00e9 mohou lid\u00e9, ji\u017e by cht\u011bli nemocn\u00e9 d\u00edvence pomoci, st\u00e1le pos\u00edlat. &#8222;P\u0159isp\u011bt lze tak\u00e9 do pokladni\u010dky um\u00edst\u011bn\u00e9 v budov\u011b na\u0161eho obecn\u00edho \u00fa\u0159adu. U\u017e i tam lid\u00e9 donesli nemal\u00e9 finan\u010dn\u00ed p\u0159\u00edsp\u011bvky,&#8220; \u0159ekl pot\u011b\u0161en\u011b Jarom\u00edr Jon\u00e1k. Vybran\u00e9 prost\u0159edky budou p\u0159ed\u00e1ny p\u0159\u00edmo rodi\u010d\u016fm Nat\u00e1lky. Lid\u00e9, kte\u0159\u00ed by r\u00e1di pomohli d\u011bv\u010d\u00e1tku ve spln\u011bn\u00ed jej\u00edho snu \u2013 postavit se na nohy, se mohou dozv\u011bd\u011bt v\u00edce informac\u00ed o jej\u00ed nemoci, zp\u016fsobu l\u00e9\u010dby i mo\u017enostech podpory na webov\u00fdch str\u00e1nk\u00e1ch sb\u00edrky www.pronatalku.cz.<\/p>\n<p>Jak l\u00e9\u010dit DMO?<\/p>\n<p>Doposud nebyl vynalezen \u017e\u00e1dn\u00fd l\u00e9k \u010di jin\u00fd prost\u0159edek, kter\u00fd by jedince dok\u00e1zal zcela vyl\u00e9\u010dit. Pomoc\u00ed nejr\u016fzn\u011bj\u0161\u00edch cvi\u010debn\u00edch metod a rehabilitac\u00ed lze dos\u00e1hnout velk\u00fdch pokrok\u016f, a zlep\u0161it tak kvalitu \u017eivota jedince.<\/p>\n<p>Co je to d\u011btsk\u00e1 mozkov\u00e1 obrna (DMO)?<\/p>\n<p>Jedn\u00e1 se o onemocn\u011bn\u00ed postihuj\u00edc\u00ed motoriku, hybnost t\u011bla jedince. Jak ji\u017e z n\u00e1zvu vypl\u00fdv\u00e1, objevuje se u jedinc\u016f ji\u017e v ran\u00e9m d\u011btsk\u00e9m v\u011bku a v pr\u016fb\u011bhu \u017eivota se obvykle jej\u00ed pr\u016fb\u011bh nijak zvl\u00e1\u0161t\u011b nezhor\u0161uje. Bohu\u017eel p\u0159i t\u00e9to diagnostice doch\u00e1z\u00ed k naru\u0161en\u00ed v\u00fdvoje motorick\u00fdch oblast\u00ed v mozku, kter\u00e9 odpov\u00eddaj\u00ed za hybnost, koordinaci a rovnov\u00e1hu t\u011bla. U mal\u00e9ho procenta jedinc\u016f doch\u00e1z\u00ed ke sn\u00ed\u017een\u00ed intelektov\u00fdch funkc\u00ed, daleko \u010dast\u011bji se k nemoci p\u0159idru\u017euje epilepsie \u010di zdravotn\u00ed posti\u017een\u00ed zraku a sluchu. Stejn\u011b jako \u0159ada jin\u00fdch nemoc\u00ed i tato se vyskytuje v populaci v leh\u010d\u00edch \u010di t\u011b\u017e\u0161\u00edch form\u00e1ch. U Nat\u00e1lky se projevila ta nejleh\u010d\u00ed forma DMO, tud\u00ed\u017e jsou jej\u00ed progn\u00f3zy na optimalizaci zdravotn\u00edho stavu v\u00edce ne\u017e pozitivn\u00ed.<\/p>\n<p>JANA NED\u011aLKOV\u00c1<br \/>\nPelh\u0159imovsk\u00fd den\u00edk<br \/>\n<a href=\"http:\/\/www.pelhrimovsky.denik.cz\/\">http:\/\/www.pelhrimovsky.denik.cz\/<\/a><\/p>\n","protected":false},"excerpt":{"rendered":"<div class=\"mh-excerpt\"><p>D\u011bv\u010d\u00e1tko se narodilo s mozkovou obrnou, lid\u00e9 se semkli, aby pomohli<\/p>\n<\/div>","protected":false},"author":1,"featured_media":600,"comment_status":"open","ping_status":"closed","sticky":false,"template":"","format":"standard","meta":{"footnotes":""},"categories":[9],"tags":[],"class_list":["post-29789","post","type-post","status-publish","format-standard","has-post-thumbnail","hentry","category-zpravy"],"_links":{"self":[{"href":"https:\/\/www.invarena.cz\/index.php?rest_route=\/wp\/v2\/posts\/29789","targetHints":{"allow":["GET"]}}],"collection":[{"href":"https:\/\/www.invarena.cz\/index.php?rest_route=\/wp\/v2\/posts"}],"about":[{"href":"https:\/\/www.invarena.cz\/index.php?rest_route=\/wp\/v2\/types\/post"}],"author":[{"embeddable":true,"href":"https:\/\/www.invarena.cz\/index.php?rest_route=\/wp\/v2\/users\/1"}],"replies":[{"embeddable":true,"href":"https:\/\/www.invarena.cz\/index.php?rest_route=%2Fwp%2Fv2%2Fcomments&post=29789"}],"version-history":[{"count":0,"href":"https:\/\/www.invarena.cz\/index.php?rest_route=\/wp\/v2\/posts\/29789\/revisions"}],"wp:featuredmedia":[{"embeddable":true,"href":"https:\/\/www.invarena.cz\/index.php?rest_route=\/wp\/v2\/media\/600"}],"wp:attachment":[{"href":"https:\/\/www.invarena.cz\/index.php?rest_route=%2Fwp%2Fv2%2Fmedia&parent=29789"}],"wp:term":[{"taxonomy":"category","embeddable":true,"href":"https:\/\/www.invarena.cz\/index.php?rest_route=%2Fwp%2Fv2%2Fcategories&post=29789"},{"taxonomy":"post_tag","embeddable":true,"href":"https:\/\/www.invarena.cz\/index.php?rest_route=%2Fwp%2Fv2%2Ftags&post=29789"}],"curies":[{"name":"wp","href":"https:\/\/api.w.org\/{rel}","templated":true}]}}