{"id":29799,"date":"2017-12-14T18:04:02","date_gmt":"2017-12-14T17:04:02","guid":{"rendered":"http:\/\/www.invarena.cz\/?p=29799"},"modified":"2017-12-14T18:04:02","modified_gmt":"2017-12-14T17:04:02","slug":"zrekonstruovany-dum-v-placheho-ulici-nabidne-trinact-novych-bytu","status":"publish","type":"post","link":"https:\/\/www.invarena.cz\/?p=29799","title":{"rendered":"Zrekonstruovan\u00fd d\u016fm v Plach\u00e9ho ulici nab\u00eddne t\u0159in\u00e1ct nov\u00fdch byt\u016f"},"content":{"rendered":"<p><strong>Petr Bro\u017eek je od narozen\u00ed nevidom\u00fd. Dlouhou dobu se mu neda\u0159ilo sehnat kvalitn\u00ed a odpov\u00eddaj\u00edc\u00ed z\u00e1zem\u00ed. V\u010derej\u0161ek ale pat\u0159il ke \u0161\u0165astn\u00fdm dn\u016fm jeho \u017eivota \u2013 dostal toti\u017e kl\u00ed\u010de od nov\u00e9ho bytu, jej\u017e opravilo m\u011bsto.<\/strong> <!--more--><\/p>\n<p>Plze\u0148 \u2013 Ve zrekonstruovan\u00e9m dom\u011b v Plach\u00e9ho ulici vzniklo 13 bytov\u00fdch jednotek. Jeden\u00e1ct z nich u\u017e m\u00e1 n\u00e1jemn\u00edky. Jedn\u00edm je pr\u00e1v\u011b p\u011bta\u010dty\u0159icetilet\u00fd Petr. &#8222;\u010casto jsem se st\u011bhoval, nebylo to pro m\u011b nic moc. Chvilku jsem byl dokonce u kamar\u00e1d\u016f v Chebu, ale cht\u011bl jsem naj\u00edt n\u011bco v Plzni,&#8220; popsal. Hled\u00e1n\u00ed bylo komplikovan\u011bj\u0161\u00ed kv\u016fli tomu, \u017ee u sebe pot\u0159ebuje m\u00edt vodic\u00edho psa. &#8222;Hodn\u011b mi pom\u00e1h\u00e1,&#8220; dodal kr\u00e1tce.<\/p>\n<p>Krom\u011b st\u011bhov\u00e1n\u00ed \u010dek\u00e1 na Petra je\u0161t\u011b jeden \u00fakol \u2013 mus\u00ed se nau\u010dit d\u016fle\u017eit\u00e9 trasy vedouc\u00ed k jeho nov\u00e9mu domovu.<\/p>\n<p>Vnitroblok Plach\u00e9ho a Korandovy ulice ozna\u010dovan\u00fd jako Plac pat\u0159\u00ed ke \u0161patn\u00fdm plze\u0148sk\u00fdm adres\u00e1m a problematick\u00fdm m\u00edst\u016fm. M\u011bsto se rozhodlo situaci zm\u011bnit, a proto loni v prosinci za\u010dalo objekt v Plach\u00e9ho ulici 42 opravovat. &#8222;Jednalo se o kompletn\u00ed p\u0159estavbu. Z budovy z\u016fstal vlastn\u011b jenom obvodov\u00fd pl\u00e1\u0161\u0165. Museli jsme ud\u011blat nov\u00e9 rozvody, kanalizaci, elekt\u0159inu i centr\u00e1ln\u00ed vyt\u00e1p\u011bn\u00ed,&#8220; uvedl Jan Sou\u010dek z bytov\u00e9ho odboru plze\u0148sk\u00e9ho magistr\u00e1tu.<\/p>\n<p>Zat\u00edmco d\u0159\u00edve se jednalo o byty \u010dtvrt\u00e9 kategorie, te\u010f jejich kvalita v\u00fdrazn\u011b stoupla. Jednotky o velikosti 1+1 a 1+kk a v\u00fdm\u011b\u0159e od 22 do 44 m2 jsou vybaveny kuchy\u0148skou linkou a maj\u00ed koupelnu se soci\u00e1ln\u00edm za\u0159\u00edzen\u00ed.<\/p>\n<p>Budova poslou\u017e\u00ed lidem, ji\u017e se kv\u016fli finan\u010dn\u00ed nouzi nebo slo\u017eit\u00e9 \u017eivotn\u00ed situaci jen t\u011b\u017eko dostanou ke standardn\u00edmu n\u00e1jemn\u00edmu bytu. Z\u00e1jemce doporu\u010dil soci\u00e1ln\u00ed odbor plze\u0148sk\u00e9ho magistr\u00e1tu a souvis\u00ed s pilotn\u00edm projektem soci\u00e1ln\u00edho bydlen\u00ed v krajsk\u00e9 metropoli.<\/p>\n<p>Smlouva je uzav\u0159ena na rok a v\u00fd\u0161e n\u00e1jmu \u010din\u00ed 82 korun za metr \u010dtvere\u010dn\u00ed.<\/p>\n<p>V p\u0159\u00edzem\u00ed objektu vznikly tak\u00e9 dva nebytov\u00e9 prostory. Jeden vyu\u017eij\u00ed pracovn\u00edci soci\u00e1ln\u00edho odboru, kte\u0159\u00ed budou klienty nav\u0161t\u011bvovat a pom\u00e1hat jim. Druhou \u010d\u00e1st nab\u00eddne radnice ke komer\u010dn\u00edmu vyu\u017eit\u00ed.<\/p>\n<p>Rekonstrukce domu st\u00e1la 10,5 milionu korun a hradila se z m\u011bstsk\u00e9ho rozpo\u010dtu.<\/p>\n<p>P\u0159\u00ed\u0161t\u00ed rok dostanou novou podobu p\u0159ilehl\u00e9 t\u0159i domy.<\/p>\n<p>&#8222;Byty v Plach\u00e9ho ulici 44 a 46 budou ur\u010deny senior\u016fm. D\u016fm \u010d\u00edslo 48 p\u0159edev\u0161\u00edm matk\u00e1m samo\u017eivitelk\u00e1m nebo rodin\u00e1m, kter\u00e9 se staraj\u00ed o posti\u017een\u00e9 d\u00edt\u011b,&#8220; nast\u00ednil radn\u00ed pro spr\u00e1vu m\u011bstsk\u00fdch nemovitost\u00ed David sk\u00fdch \u0160louf.<\/p>\n<p>Doplnil, \u017ee zak\u00e1zka je vysout\u011b\u017eena za 38 milion\u016f korun. Hotovo by m\u011blo b\u00fdt v srpnu 2018.<\/p>\n<p>KL\u00c1RA MR\u00c1ZOV\u00c1<br \/>\nPlze\u0148sk\u00fd den\u00edk<br \/>\n<a href=\"http:\/\/plzensky.denik.cz\/\">http:\/\/plzensky.denik.cz\/<\/a><\/p>\n","protected":false},"excerpt":{"rendered":"<div class=\"mh-excerpt\"><p>Petr Bro\u017eek je od narozen\u00ed nevidom\u00fd. Dlouhou dobu se mu neda\u0159ilo sehnat kvalitn\u00ed a odpov\u00eddaj\u00edc\u00ed z\u00e1zem\u00ed. V\u010derej\u0161ek ale pat\u0159il ke \u0161\u0165astn\u00fdm dn\u016fm jeho \u017eivota \u2013 <a class=\"mh-excerpt-more\" href=\"https:\/\/www.invarena.cz\/?p=29799\" title=\"Zrekonstruovan\u00fd d\u016fm v Plach\u00e9ho ulici nab\u00eddne t\u0159in\u00e1ct nov\u00fdch byt\u016f\">[&#8230;]<\/a><\/p>\n<\/div>","protected":false},"author":1,"featured_media":0,"comment_status":"open","ping_status":"closed","sticky":false,"template":"","format":"standard","meta":{"footnotes":""},"categories":[9],"tags":[],"class_list":["post-29799","post","type-post","status-publish","format-standard","hentry","category-zpravy"],"_links":{"self":[{"href":"https:\/\/www.invarena.cz\/index.php?rest_route=\/wp\/v2\/posts\/29799","targetHints":{"allow":["GET"]}}],"collection":[{"href":"https:\/\/www.invarena.cz\/index.php?rest_route=\/wp\/v2\/posts"}],"about":[{"href":"https:\/\/www.invarena.cz\/index.php?rest_route=\/wp\/v2\/types\/post"}],"author":[{"embeddable":true,"href":"https:\/\/www.invarena.cz\/index.php?rest_route=\/wp\/v2\/users\/1"}],"replies":[{"embeddable":true,"href":"https:\/\/www.invarena.cz\/index.php?rest_route=%2Fwp%2Fv2%2Fcomments&post=29799"}],"version-history":[{"count":0,"href":"https:\/\/www.invarena.cz\/index.php?rest_route=\/wp\/v2\/posts\/29799\/revisions"}],"wp:attachment":[{"href":"https:\/\/www.invarena.cz\/index.php?rest_route=%2Fwp%2Fv2%2Fmedia&parent=29799"}],"wp:term":[{"taxonomy":"category","embeddable":true,"href":"https:\/\/www.invarena.cz\/index.php?rest_route=%2Fwp%2Fv2%2Fcategories&post=29799"},{"taxonomy":"post_tag","embeddable":true,"href":"https:\/\/www.invarena.cz\/index.php?rest_route=%2Fwp%2Fv2%2Ftags&post=29799"}],"curies":[{"name":"wp","href":"https:\/\/api.w.org\/{rel}","templated":true}]}}