{"id":29883,"date":"2017-12-29T12:30:42","date_gmt":"2017-12-29T11:30:42","guid":{"rendered":"http:\/\/www.invarena.cz\/?p=29883"},"modified":"2017-12-29T12:30:42","modified_gmt":"2017-12-29T11:30:42","slug":"bude-stat-platit-zdravotni-pojisteni-i-za-vysokoskolske-studenty-nad-26-let","status":"publish","type":"post","link":"https:\/\/www.invarena.cz\/?p=29883","title":{"rendered":"Bude st\u00e1t platit zdravotn\u00ed poji\u0161t\u011bn\u00ed i za vysoko\u0161kolsk\u00e9 studenty nad 26 let?"},"content":{"rendered":"<p><strong>OT\u00c1ZKA : Je pravda, \u017ee od 1. ledna 2018 st\u00e1t plat\u00ed pojistn\u00e9 na zdravotn\u00ed poji\u0161t\u011bn\u00ed i za vysoko\u0161kolsk\u00e9 studenty nad 26 let?<\/strong><!--more--><\/p>\n<p><strong>ODPOV\u011a\u010e<\/strong>:<\/p>\n<p>Od 1. ledna roku 2018 se roz\u0161i\u0159uje okruh osob, za n\u011b\u017e plat\u00ed pojistn\u00e9 st\u00e1t, ale jen o \u010d\u00e1st vysoko\u0161kolsk\u00fdch student\u016f star\u0161\u00edch 26 let. Jedn\u00e1 se pouze o tzv. doktorandy. Nov\u011b bude st\u00e1t platit zdravotn\u00ed poji\u0161t\u011bn\u00ed za osoby star\u0161\u00ed 26 let studuj\u00edc\u00ed prvn\u011b v doktorsk\u00e9m studijn\u00edm programu uskute\u010d\u0148ovan\u00e9m vysokou \u0161kolou v \u010cR ve standardn\u00ed dob\u011b v prezen\u010dn\u00ed form\u011b studia.<\/p>\n<p>Nesm\u00ed ov\u0161em z\u00e1rove\u0148 b\u00fdt osobami samostatn\u011b v\u00fdd\u011ble\u010dn\u011b \u010dinn\u00fdmi nebo zam\u011bstnanci (v\u010detn\u011b &#8222;nadlimitn\u00ed&#8220; v\u00fdd\u011ble\u010dn\u00e9 \u010dinnosti na DPP nebo DP\u010c).<\/p>\n<p>P\u0159ed novelizac\u00ed z\u00e1kona o st\u00e1tn\u00ed soci\u00e1ln\u00ed podpo\u0159e v\u0161ichni studenti nad 26 let nespadali do z\u00e1konem definovan\u00e9 kategorie &#8222;nezaopat\u0159en\u00e9 d\u011bti&#8220;, kdy plat\u00ed pojistn\u00e9 na zdravotn\u00ed poji\u0161t\u011bn\u00ed st\u00e1t. Doktorandi v\u0161ak sv\u00e9 studium v\u011bt\u0161inou do 26 let nestihli dokon\u010dit a museli si tedy platit pojistn\u00e9 na zdravotn\u00ed poji\u0161t\u011bn\u00ed jako osoby bez zdaniteln\u00fdch p\u0159\u00edjm\u016f (pokud za n\u011b neplatil pojistn\u00e9 st\u00e1t z jin\u00e9ho d\u016fvodu, nebo nebyli v\u00fdd\u011ble\u010dn\u011b \u010dinn\u00ed, a\u0165 u\u017e jako OSV\u010c nebo zam\u011bstnanci).<\/p>\n<p>Studenti samoz\u0159ejm\u011b mus\u00ed b\u00fdt v uveden\u00e9 kategorii u sv\u00e9 zdravotn\u00ed poji\u0161\u0165ovny p\u0159ihl\u00e1\u0161eni. Povinnost ozn\u00e1mit zdravotn\u00ed poji\u0161\u0165ovn\u011b n\u00e1rok na za\u0159azen\u00ed do t\u00e9to kategorie st\u00e1tn\u00edch poji\u0161t\u011bnc\u016f m\u00e1 poji\u0161t\u011bnec s\u00e1m, a to do osmi dn\u016f. Mus\u00ed dolo\u017eit studium potvrzen\u00edm ze \u0161koly a vyplnit tiskopis P\u0159ihl\u00e1\u0161ka a eviden\u010dn\u00ed list poji\u0161t\u011bnce. V tiskopisu je t\u0159eba za\u0161krtnout jako kategorii poji\u0161t\u011bnce (v \u010d\u00e1sti 4) &#8222;Pl\u00e1tcem pojistn\u00e9ho je st\u00e1t&#8220; a vyzna\u010dit p\u00edsmeno D (Osoby star\u0161\u00ed 26 let studuj\u00edc\u00ed prvn\u011b v doktorsk\u00e9m studijn\u00edm programu). Oznamovac\u00ed povinnost m\u016f\u017eete splnit na kter\u00e9koli na\u0161\u00ed pobo\u010dce, nebo m\u016f\u017eete vypln\u011bn\u00fd tiskopis spolu s dokladem o studiu zaslat po\u0161tou.<\/p>\n<p>Ostatn\u00ed studenti nad\u00e1le nemaj\u00ed od 26 let n\u00e1rok platbu pojistn\u00e9ho st\u00e1tem. St\u00e1t za n\u011b p\u0159estane platit pojistn\u00e9, nebo\u0165 za &#8222;nezaopat\u0159en\u00e9 d\u00edt\u011b&#8220; je jinak podle z\u00e1kona o st\u00e1tn\u00ed soci\u00e1ln\u00ed podpo\u0159e pova\u017eov\u00e1no d\u00edt\u011b do ukon\u010den\u00ed povinn\u00e9 \u0161koln\u00ed doch\u00e1zky a pot\u00e9 do 26. roku v\u011bku, jestli\u017ee se soustavn\u011b p\u0159ipravuje na budouc\u00ed povol\u00e1n\u00ed, nebo se nem\u016f\u017ee p\u0159ipravovat na budouc\u00ed povol\u00e1n\u00ed nebo vykon\u00e1vat v\u00fdd\u011ble\u010dnou \u010dinnost pro nemoc, p\u0159\u00edpadn\u011b je neschopno z d\u016fvodu dlouhodob\u011b nep\u0159\u00edzniv\u00e9ho zdravotn\u00edho stavu vykon\u00e1vat soustavnou v\u00fdd\u011ble\u010dnou \u010dinnost.<\/p>\n<p>Za dobu studia se bude pova\u017eovat tak\u00e9 kalend\u00e1\u0159n\u00ed m\u011bs\u00edc, v n\u011bm\u017e doktorandi uveden\u00e9 studium ukon\u010dili.<\/p>\n<p>Mgr. Old\u0159ich Tich\u00fd vedouc\u00ed tiskov\u00e9ho odd\u011blen\u00ed a tiskov\u00fd mluv\u010d\u00ed <\/p>\n","protected":false},"excerpt":{"rendered":"<div class=\"mh-excerpt\"><p>OT\u00c1ZKA : Je pravda, \u017ee od 1. ledna 2018 st\u00e1t plat\u00ed pojistn\u00e9 na zdravotn\u00ed poji\u0161t\u011bn\u00ed i za vysoko\u0161kolsk\u00e9 studenty nad 26 let?<\/p>\n<\/div>","protected":false},"author":1,"featured_media":7282,"comment_status":"open","ping_status":"closed","sticky":false,"template":"","format":"standard","meta":{"footnotes":""},"categories":[9],"tags":[],"class_list":["post-29883","post","type-post","status-publish","format-standard","has-post-thumbnail","hentry","category-zpravy"],"_links":{"self":[{"href":"https:\/\/www.invarena.cz\/index.php?rest_route=\/wp\/v2\/posts\/29883","targetHints":{"allow":["GET"]}}],"collection":[{"href":"https:\/\/www.invarena.cz\/index.php?rest_route=\/wp\/v2\/posts"}],"about":[{"href":"https:\/\/www.invarena.cz\/index.php?rest_route=\/wp\/v2\/types\/post"}],"author":[{"embeddable":true,"href":"https:\/\/www.invarena.cz\/index.php?rest_route=\/wp\/v2\/users\/1"}],"replies":[{"embeddable":true,"href":"https:\/\/www.invarena.cz\/index.php?rest_route=%2Fwp%2Fv2%2Fcomments&post=29883"}],"version-history":[{"count":0,"href":"https:\/\/www.invarena.cz\/index.php?rest_route=\/wp\/v2\/posts\/29883\/revisions"}],"wp:featuredmedia":[{"embeddable":true,"href":"https:\/\/www.invarena.cz\/index.php?rest_route=\/wp\/v2\/media\/7282"}],"wp:attachment":[{"href":"https:\/\/www.invarena.cz\/index.php?rest_route=%2Fwp%2Fv2%2Fmedia&parent=29883"}],"wp:term":[{"taxonomy":"category","embeddable":true,"href":"https:\/\/www.invarena.cz\/index.php?rest_route=%2Fwp%2Fv2%2Fcategories&post=29883"},{"taxonomy":"post_tag","embeddable":true,"href":"https:\/\/www.invarena.cz\/index.php?rest_route=%2Fwp%2Fv2%2Ftags&post=29883"}],"curies":[{"name":"wp","href":"https:\/\/api.w.org\/{rel}","templated":true}]}}