{"id":29897,"date":"2018-01-01T17:13:33","date_gmt":"2018-01-01T16:13:33","guid":{"rendered":"http:\/\/www.invarena.cz\/?p=29897"},"modified":"2018-01-01T17:13:33","modified_gmt":"2018-01-01T16:13:33","slug":"socialni-dilna-pomuze-postizenym-z-kromerize-ziskat-zamestnani","status":"publish","type":"post","link":"https:\/\/www.invarena.cz\/?p=29897","title":{"rendered":"Soci\u00e1ln\u00ed d\u00edlna pom\u016f\u017ee posti\u017een\u00fdm z Krom\u011b\u0159\u00ed\u017ee z\u00edskat zam\u011bstn\u00e1n\u00ed"},"content":{"rendered":"<p><strong>Soci\u00e1ln\u00ed slu\u017eby m\u011bsta Krom\u011b\u0159\u00ed\u017ee otev\u0159ou na za\u010d\u00e1tku ledna soci\u00e1ln\u011b terapeutickou d\u00edlnu Han\u00e1\u010dek. Disponuje kapacitou 22 m\u00edst a slou\u017eit bude p\u0159edev\u0161\u00edm lidem s lehk\u00fdm a\u017e st\u0159edn\u011b t\u011b\u017ek\u00fdm ment\u00e1ln\u00edm posti\u017een\u00edm ve v\u011bku od 18 do 64 let. &#8222;Z\u00e1jem je obrovsk\u00fd, ur\u010dit\u011b bude plno,&#8220; \u0159ekl \u010cTK m\u00edstostarosta Pavel Moty\u010dka (KDU-\u010cSL).<\/strong><!--more--><\/p>\n<p>D\u00edlna bude fungovat v domov\u011b pro lidi se zdravotn\u00edm posti\u017een\u00edm Barborka. Klient\u016fm m\u00e1 pomoci nau\u010dit se pracovn\u00edmu re\u017eimu, aby v budoucnu mohli z\u00edskat zam\u011bstn\u00e1n\u00ed. &#8222;Slu\u017eba bude fungovat de facto jako takzvan\u00fd stacion\u00e1\u0159. To znamen\u00e1, \u017ee lid\u00e9 tam budou doch\u00e1zet a budou tam pro n\u011b p\u0159ipravovan\u00e9 programy,&#8220; uvedl m\u00edstostarosta.<\/p>\n<p>Klienti se budou v\u011bnovat zejm\u00e9na rozvoji manu\u00e1ln\u00ed zru\u010dnosti. \u010cekaj\u00ed na n\u011b r\u016fzn\u00e9 \u010dinnosti, nap\u0159\u00edklad v\u00fdroba keramiky nebo \u0161it\u00ed. &#8222;Do dal\u0161\u00edch let p\u0159ipravujeme projekt postupn\u00e9ho za\u010dle\u0148ov\u00e1n\u00ed t\u011bchto lid\u00ed, tak, jak je to b\u011b\u017en\u00e9 ve st\u00e1tech v z\u00e1padn\u00ed Evrop\u011b, proto\u017ee tito lid\u00e9 dok\u00e1\u017eou b\u00fdt sob\u011bsta\u010dn\u00ed,&#8220; uvedl Moty\u010dka. Do budoucna podle n\u011bj m\u011bsto pl\u00e1nuje tak\u00e9 roz\u0161\u00ed\u0159en\u00ed projektu o chr\u00e1n\u011bn\u00e9 d\u00edlny.<\/p>\n<p>Nov\u00e1 d\u00edlna bude klient\u016fm k dispozici zdarma, v\u017edy od pond\u011bl\u00ed do p\u00e1tku od 8:00 do 15:00. Slu\u017eba by m\u011bla b\u00fdt financov\u00e1na ze st\u00e1tn\u00edho rozpo\u010dtu a vlastn\u00edch zdroj\u016f Soci\u00e1ln\u00edch slu\u017eeb m\u011bsta Krom\u011b\u0159\u00ed\u017ee. O\u010dek\u00e1van\u00e9 n\u00e1klady se pohybuj\u00ed kolem 3,2 milionu korun ro\u010dn\u011b.<\/p>\n","protected":false},"excerpt":{"rendered":"<div class=\"mh-excerpt\"><p>Soci\u00e1ln\u00ed slu\u017eby m\u011bsta Krom\u011b\u0159\u00ed\u017ee otev\u0159ou na za\u010d\u00e1tku ledna soci\u00e1ln\u011b terapeutickou d\u00edlnu Han\u00e1\u010dek. Disponuje kapacitou 22 m\u00edst a slou\u017eit bude p\u0159edev\u0161\u00edm lidem s lehk\u00fdm a\u017e st\u0159edn\u011b <a class=\"mh-excerpt-more\" href=\"https:\/\/www.invarena.cz\/?p=29897\" title=\"Soci\u00e1ln\u00ed d\u00edlna pom\u016f\u017ee posti\u017een\u00fdm z Krom\u011b\u0159\u00ed\u017ee z\u00edskat zam\u011bstn\u00e1n\u00ed\">[&#8230;]<\/a><\/p>\n<\/div>","protected":false},"author":1,"featured_media":2927,"comment_status":"open","ping_status":"closed","sticky":false,"template":"","format":"standard","meta":{"footnotes":""},"categories":[9],"tags":[],"class_list":["post-29897","post","type-post","status-publish","format-standard","has-post-thumbnail","hentry","category-zpravy"],"_links":{"self":[{"href":"https:\/\/www.invarena.cz\/index.php?rest_route=\/wp\/v2\/posts\/29897","targetHints":{"allow":["GET"]}}],"collection":[{"href":"https:\/\/www.invarena.cz\/index.php?rest_route=\/wp\/v2\/posts"}],"about":[{"href":"https:\/\/www.invarena.cz\/index.php?rest_route=\/wp\/v2\/types\/post"}],"author":[{"embeddable":true,"href":"https:\/\/www.invarena.cz\/index.php?rest_route=\/wp\/v2\/users\/1"}],"replies":[{"embeddable":true,"href":"https:\/\/www.invarena.cz\/index.php?rest_route=%2Fwp%2Fv2%2Fcomments&post=29897"}],"version-history":[{"count":0,"href":"https:\/\/www.invarena.cz\/index.php?rest_route=\/wp\/v2\/posts\/29897\/revisions"}],"wp:featuredmedia":[{"embeddable":true,"href":"https:\/\/www.invarena.cz\/index.php?rest_route=\/wp\/v2\/media\/2927"}],"wp:attachment":[{"href":"https:\/\/www.invarena.cz\/index.php?rest_route=%2Fwp%2Fv2%2Fmedia&parent=29897"}],"wp:term":[{"taxonomy":"category","embeddable":true,"href":"https:\/\/www.invarena.cz\/index.php?rest_route=%2Fwp%2Fv2%2Fcategories&post=29897"},{"taxonomy":"post_tag","embeddable":true,"href":"https:\/\/www.invarena.cz\/index.php?rest_route=%2Fwp%2Fv2%2Ftags&post=29897"}],"curies":[{"name":"wp","href":"https:\/\/api.w.org\/{rel}","templated":true}]}}