{"id":29899,"date":"2018-01-01T17:18:09","date_gmt":"2018-01-01T16:18:09","guid":{"rendered":"http:\/\/www.invarena.cz\/?p=29899"},"modified":"2018-01-01T17:18:09","modified_gmt":"2018-01-01T16:18:09","slug":"zamestnavatele-maji-nove-vice-penez-od-statu-na-handicapovane","status":"publish","type":"post","link":"https:\/\/www.invarena.cz\/?p=29899","title":{"rendered":"Zam\u011bstnavatel\u00e9 maj\u00ed nov\u011b v\u00edce pen\u011bz od st\u00e1tu na handicapovan\u00e9"},"content":{"rendered":"<p><strong>Zam\u011bstnavatel\u00e9 od leto\u0161n\u00edho roku dostanou vy\u0161\u0161\u00ed st\u00e1tn\u00ed p\u0159\u00edsp\u011bvek na handicapovan\u00e9 zam\u011bstnance. M\u00edsto dosavadn\u00edch 9500 korun m\u011bs\u00ed\u010dn\u011b je to 12.000 korun. Zm\u011bna, kterou si vy\u017e\u00e1dal r\u016fst minim\u00e1ln\u00ed mzdy, je sou\u010d\u00e1st\u00ed novely z\u00e1kona o zam\u011bstnanosti.<\/strong><!--more--><\/p>\n<p>Nav\u00fd\u0161en\u00ed p\u0159\u00edsp\u011bvku m\u00e1 p\u0159edej\u00edt sn\u00ed\u017een\u00ed zam\u011bstnanosti osob se zdravotn\u00edm posti\u017een\u00edm. To by mohlo hrozit v souvislosti s valorizac\u00ed z\u00e1kladn\u00ed m\u011bs\u00ed\u010dn\u00ed sazby minim\u00e1ln\u00ed mzdy. Podle vyj\u00e1d\u0159en\u00ed d\u0159\u00edv\u011bj\u0161\u00edho ministra financ\u00ed Ivana Piln\u00e9ho (ANO) p\u0159ijde nav\u00fd\u0161en\u00ed p\u0159\u00edsp\u011bvku st\u00e1t asi na p\u016fl miliardy korun.<\/p>\n<p>Novela tak\u00e9 sni\u017euje limit pro poskytov\u00e1n\u00ed takzvan\u00e9ho n\u00e1hradn\u00edho pln\u011bn\u00ed, kdy mohou \u00fa\u0159ady a firmy m\u00edsto zam\u011bstn\u00e1n\u00ed povinn\u00e9ho pod\u00edlu posti\u017een\u00fdch pracovn\u00edk\u016f odebrat zbo\u017e\u00ed od firem s v\u00edce ne\u017e polovinou zam\u011bstnanc\u016f s handicapem. Limit klesne z 36n\u00e1sobku pr\u016fm\u011brn\u00e9 mzdy na 28n\u00e1sobek, tedy na 725.284 korun ro\u010dn\u011b.<\/p>\n<p>Nov\u00e1 pravidla p\u0159in\u00e1\u0161ej\u00ed rovn\u011b\u017e zp\u0159\u00edsn\u011bn\u00ed pro nemocn\u00e9 nezam\u011bstnan\u00e9, kte\u0159\u00ed budou muset dodr\u017eovat stejn\u00fd re\u017eim jako pracovn\u00edci na nemocensk\u00e9. Sm\u011bt budou na vych\u00e1zky v ur\u010ditou dobu a \u00fa\u0159adu pr\u00e1ce budou tak\u00e9 doru\u010dovat neschopenku.<\/p>\n","protected":false},"excerpt":{"rendered":"<div class=\"mh-excerpt\"><p>Zam\u011bstnavatel\u00e9 od leto\u0161n\u00edho roku dostanou vy\u0161\u0161\u00ed st\u00e1tn\u00ed p\u0159\u00edsp\u011bvek na handicapovan\u00e9 zam\u011bstnance. M\u00edsto dosavadn\u00edch 9500 korun m\u011bs\u00ed\u010dn\u011b je to 12.000 korun. Zm\u011bna, kterou si vy\u017e\u00e1dal r\u016fst <a class=\"mh-excerpt-more\" href=\"https:\/\/www.invarena.cz\/?p=29899\" title=\"Zam\u011bstnavatel\u00e9 maj\u00ed nov\u011b v\u00edce pen\u011bz od st\u00e1tu na handicapovan\u00e9\">[&#8230;]<\/a><\/p>\n<\/div>","protected":false},"author":1,"featured_media":14519,"comment_status":"open","ping_status":"closed","sticky":false,"template":"","format":"standard","meta":{"footnotes":""},"categories":[9],"tags":[],"class_list":["post-29899","post","type-post","status-publish","format-standard","has-post-thumbnail","hentry","category-zpravy"],"_links":{"self":[{"href":"https:\/\/www.invarena.cz\/index.php?rest_route=\/wp\/v2\/posts\/29899","targetHints":{"allow":["GET"]}}],"collection":[{"href":"https:\/\/www.invarena.cz\/index.php?rest_route=\/wp\/v2\/posts"}],"about":[{"href":"https:\/\/www.invarena.cz\/index.php?rest_route=\/wp\/v2\/types\/post"}],"author":[{"embeddable":true,"href":"https:\/\/www.invarena.cz\/index.php?rest_route=\/wp\/v2\/users\/1"}],"replies":[{"embeddable":true,"href":"https:\/\/www.invarena.cz\/index.php?rest_route=%2Fwp%2Fv2%2Fcomments&post=29899"}],"version-history":[{"count":0,"href":"https:\/\/www.invarena.cz\/index.php?rest_route=\/wp\/v2\/posts\/29899\/revisions"}],"wp:featuredmedia":[{"embeddable":true,"href":"https:\/\/www.invarena.cz\/index.php?rest_route=\/wp\/v2\/media\/14519"}],"wp:attachment":[{"href":"https:\/\/www.invarena.cz\/index.php?rest_route=%2Fwp%2Fv2%2Fmedia&parent=29899"}],"wp:term":[{"taxonomy":"category","embeddable":true,"href":"https:\/\/www.invarena.cz\/index.php?rest_route=%2Fwp%2Fv2%2Fcategories&post=29899"},{"taxonomy":"post_tag","embeddable":true,"href":"https:\/\/www.invarena.cz\/index.php?rest_route=%2Fwp%2Fv2%2Ftags&post=29899"}],"curies":[{"name":"wp","href":"https:\/\/api.w.org\/{rel}","templated":true}]}}