{"id":29963,"date":"2018-01-09T17:42:39","date_gmt":"2018-01-09T16:42:39","guid":{"rendered":"http:\/\/www.invarena.cz\/?p=29963"},"modified":"2018-01-09T17:42:39","modified_gmt":"2018-01-09T16:42:39","slug":"rodinam-s-nemocnymi-detmi-pomohly-beneficni-koncerty","status":"publish","type":"post","link":"https:\/\/www.invarena.cz\/?p=29963","title":{"rendered":"Rodin\u00e1m s nemocn\u00fdmi d\u011btmi pomohly benefi\u010dn\u00ed koncerty"},"content":{"rendered":"<p><strong>I kulturn\u00ed akce pom\u00e1haj\u00ed se z\u00edsk\u00e1v\u00e1n\u00edm pen\u011bz na dobrou v\u011bc. Kapely hr\u00e1ly pro hendikepovan\u00e1 dvoj\u010data i nemocnou Eli\u0161ku.<\/strong> <!--more--><\/p>\n<p>Orlicko\u00fastecko \u2013 Ve Vysok\u00e9m M\u00fdt\u011b skon\u010dil na Bo\u017e\u00ed hod v\u00e1no\u010dn\u00ed jeden\u00e1ct\u00fd ro\u010dn\u00edk Festivalu Hudba pom\u00e1h\u00e1, kter\u00fd byl tentokr\u00e1t v\u011bnov\u00e1n handicapovan\u00fdm dvoj\u010dat\u016fm Janovi a Radovanovi Jiskrov\u00fdm z Doln\u00edho \u00dajezdu. Chlapci trp\u00ed d\u011btskou mozkovou obrnou a c\u00edlem festivalu bylo zajistit jim finan\u010dn\u00ed prost\u0159edky na kompenza\u010dn\u00ed pom\u016fcku MOTOmed. Jedn\u00e1 se o pohybov\u00fd p\u0159\u00edstroj, kter\u00fd umo\u017en\u00ed kluk\u016fm procvi\u010dit \u00fapln\u011b cel\u00e9 t\u011blo. D\u016fle\u017eit\u00e9 je, \u017ee je p\u0159i cvi\u010den\u00ed nen\u00ed nutn\u00e9 sund\u00e1vat z voz\u00edku.<\/p>\n<p>Festival zahrnoval n\u011bkolik akc\u00ed ve Vysok\u00e9m M\u00fdt\u011b a na Svitavsku, cel\u00fd seri\u00e1l zakon\u010dil koncert skupiny Parkovi\u0161t\u011b pro velbloudy ve Vysok\u00e9m M\u00fdt\u011b. Zde se vybralo 31 920 korun, celkov\u00fd v\u00fdt\u011b\u017eek \u010dinil 201 357 korun. &#8222;J\u00e1 bych cht\u011bla moc pod\u011bkovat v\u0161em, kte\u0159\u00ed se t\u011bchto koncert\u016f z\u00fa\u010dastnili a pomohli z\u00edskat takovouhle kr\u00e1snou \u010d\u00e1stku,\u201d pod\u011bkovala maminka chlapc\u016f v\u0161em, kte\u0159\u00ed p\u0159i\u0161li podpo\u0159it jejich rodinu.<\/p>\n<p>Mal\u00e1 sc\u00e9na v \u00dast\u00ed nad Orlic\u00ed uspo\u0159\u00e1dala jako benefi\u010dn\u00ed koncert Mal\u00fd Silvestr na Mal\u00e9 sc\u00e9n\u011b. Vybralo se p\u0159i n\u011bm 15 tis\u00edc korun, kter\u00e9 byly v ned\u011bli 7. ledna p\u0159ed\u00e1ny rodin\u011b Ma\u0159\u00edkov\u00fdch z \u00dast\u00ed nad Orlic\u00ed, jejich\u017e Eli\u0161ka trp\u00ed nemoc\u00ed mot\u00fdl\u00edch k\u0159\u00eddel. Podle V\u00e1clava Ma\u0159\u00edka se akce velmi povedla. &#8222;I pro m\u011b samotn\u00e9ho byl ten ve\u010der nezapomenuteln\u00fd z\u00e1\u017eitek,&#8220; konstatoval p\u0159i p\u0159eb\u00edr\u00e1n\u00ed \u0161eku. Pro ob\u011b vystupuj\u00edc\u00ed kapely to bylo p\u0159\u00edjemn\u00e9 hran\u00ed. T\u011b\u017ekou dobu pot\u011b\u0161il velk\u00fd z\u00e1jem o koncert, dorazilo na n\u011bj hodn\u011b p\u0159es sto fanou\u0161k\u016f. Kapeln\u00edk PPS zd\u016fraznil, jak je v dne\u0161n\u00ed dob\u011b d\u016fle\u017eit\u00e9 pom\u00e1hat druh\u00fdm. &#8222;Co to pro tu rodinu znamen\u00e1, pochop\u00ed ka\u017ed\u00fd, kdo n\u011bkdy m\u011bl nemocn\u00e9 mal\u00e9 d\u00edt\u011b,&#8220; podotkl Karel Pokorn\u00fd.<\/p>\n<p>Pardubicko<\/p>\n<p>Jednou z posledn\u00edch benefi\u010dn\u00edch akc\u00ed na Pardubicku bylo ned\u011bln\u00ed p\u0159edstaven\u00ed Divadeln\u00edho spolku UFO v Holic\u00edch. V\u00fdt\u011b\u017eek ze vstupn\u00e9ho podpo\u0159il \u010dty\u0159letou Eli\u0161ku Novotnou, kter\u00e1 trp\u00ed epilepsi\u00ed a atypick\u00fdm Rettov\u00fdm syndromem.<\/p>\n<p>Ve\u0159ejnost na Pardubicku dojal i p\u0159\u00edb\u011bh osmilet\u00e9ho Adama Vy\u010d\u00edtala, kter\u00fd po operaci mandl\u00ed le\u017e\u00ed v k\u00f3matu. Na jeho podporu se konal koncert \u010di benefi\u010dn\u00ed utk\u00e1n\u00ed.<\/p>\n<p>Chrudimsko<\/p>\n<p>&#8222;T\u0159\u00edkr\u00e1lov\u00e1 sb\u00edrka v Chrudimi letos vynesla 206 195 korun,&#8220; ohl\u00e1sila v\u010dera farn\u00ed charita Chrudim a p\u0159idala i sv\u00e9 pod\u011bkov\u00e1n\u00ed. A to nejen d\u00e1rc\u016fm, ale i v\u0161em, kte\u0159\u00ed se v roli koledn\u00edk\u016f vypravili do ulic. V\u00fdt\u011b\u017eek chrudimsk\u00e9 sb\u00edrky bude vyu\u017eit nejen na pomoc nemocn\u00fdm, matk\u00e1m s d\u011btmi v t\u00edsni a dal\u0161\u00edm pot\u0159ebn\u00fdm, ale pom\u016f\u017ee i p\u0159i zaji\u0161t\u011bn\u00ed pe\u010dovatelsk\u00e9 slu\u017eby, osobn\u00ed asistence a ob\u010dansk\u00e9 poradny.<\/p>\n<p>Svitavsko<\/p>\n<p>Benefi\u010dn\u00ed koncert pro poli\u010dskou charitu v listopadu nav\u0161t\u00edvilo 250 lid\u00ed. Ti p\u0159isp\u011bli \u010d\u00e1stkou 130 tis\u00edc korun na spl\u00e1cen\u00ed \u00fav\u011bru a opravy domu, kter\u00fd slou\u017e\u00ed jako z\u00e1zem\u00ed pro p\u011bt ter\u00e9nn\u00edch soci\u00e1ln\u00edch slu\u017eeb v Poli\u010dce. O m\u011bs\u00edc d\u0159\u00edve uspo\u0159\u00e1dala obdobnou akci Speci\u00e1ln\u00ed z\u00e1kladn\u00ed \u0161kola Bystr\u00e9. V\u00fdt\u011b\u017eek z koncertu ve v\u00fd\u0161i necel\u00fdch t\u0159iceti tis\u00edc korun bude pou\u017eit na vybaven\u00ed speci\u00e1ln\u00ed \u0161kolky v Poli\u010dce.<\/p>\n<p>Chrudimsk\u00fd den\u00edk<br \/>\n<a href=\"http:\/\/chrudimsky.denik.cz\/\">http:\/\/chrudimsky.denik.cz\/<\/a><\/p>\n","protected":false},"excerpt":{"rendered":"<div class=\"mh-excerpt\"><p>I kulturn\u00ed akce pom\u00e1haj\u00ed se z\u00edsk\u00e1v\u00e1n\u00edm pen\u011bz na dobrou v\u011bc. Kapely hr\u00e1ly pro hendikepovan\u00e1 dvoj\u010data i nemocnou Eli\u0161ku.<\/p>\n<\/div>","protected":false},"author":1,"featured_media":12987,"comment_status":"open","ping_status":"closed","sticky":false,"template":"","format":"standard","meta":{"footnotes":""},"categories":[9],"tags":[],"class_list":["post-29963","post","type-post","status-publish","format-standard","has-post-thumbnail","hentry","category-zpravy"],"_links":{"self":[{"href":"https:\/\/www.invarena.cz\/index.php?rest_route=\/wp\/v2\/posts\/29963","targetHints":{"allow":["GET"]}}],"collection":[{"href":"https:\/\/www.invarena.cz\/index.php?rest_route=\/wp\/v2\/posts"}],"about":[{"href":"https:\/\/www.invarena.cz\/index.php?rest_route=\/wp\/v2\/types\/post"}],"author":[{"embeddable":true,"href":"https:\/\/www.invarena.cz\/index.php?rest_route=\/wp\/v2\/users\/1"}],"replies":[{"embeddable":true,"href":"https:\/\/www.invarena.cz\/index.php?rest_route=%2Fwp%2Fv2%2Fcomments&post=29963"}],"version-history":[{"count":0,"href":"https:\/\/www.invarena.cz\/index.php?rest_route=\/wp\/v2\/posts\/29963\/revisions"}],"wp:featuredmedia":[{"embeddable":true,"href":"https:\/\/www.invarena.cz\/index.php?rest_route=\/wp\/v2\/media\/12987"}],"wp:attachment":[{"href":"https:\/\/www.invarena.cz\/index.php?rest_route=%2Fwp%2Fv2%2Fmedia&parent=29963"}],"wp:term":[{"taxonomy":"category","embeddable":true,"href":"https:\/\/www.invarena.cz\/index.php?rest_route=%2Fwp%2Fv2%2Fcategories&post=29963"},{"taxonomy":"post_tag","embeddable":true,"href":"https:\/\/www.invarena.cz\/index.php?rest_route=%2Fwp%2Fv2%2Ftags&post=29963"}],"curies":[{"name":"wp","href":"https:\/\/api.w.org\/{rel}","templated":true}]}}