{"id":29972,"date":"2018-01-10T15:27:57","date_gmt":"2018-01-10T14:27:57","guid":{"rendered":"http:\/\/www.invarena.cz\/?p=29972"},"modified":"2018-01-10T15:27:57","modified_gmt":"2018-01-10T14:27:57","slug":"slovaci-dopadli-gang-ktery-nutil-postizene-zebrat-v-zapadni-evrope-a-almuzny-jim-bral","status":"publish","type":"post","link":"https:\/\/www.invarena.cz\/?p=29972","title":{"rendered":"Slov\u00e1ci dopadli gang, kter\u00fd nutil posti\u017een\u00e9 \u017eebrat v z\u00e1padn\u00ed Evrop\u011b a almu\u017eny jim bral"},"content":{"rendered":"<p><strong>Od roku 2013 nutil \u0161esti\u010dlenn\u00fd gang z okresu Rimavsk\u00e1 Sobota na Slovensku t\u011blesn\u011b posti\u017een\u00e9 invalidn\u00ed d\u016fchodce a soci\u00e1ln\u011b slab\u00e9 k \u017eebr\u00e1n\u00ed v Rakousku, N\u011bmecku a \u0160v\u00fdcarsku. Vy\u017eebran\u00e9 pen\u00edze musely ob\u011bti gangu odevzd\u00e1vat pod pohr\u016f\u017ekou n\u00e1sil\u00ed. V \u00fater\u00fd o p\u0159\u00edpadu na mimo\u0159\u00e1dn\u00e9 tiskov\u00e9 konferenci informovala slovensk\u00e1 policie.<\/strong><!--more--><\/p>\n<p>Cel\u00fd \u010dl\u00e1nek <a href=\"https:\/\/www.novinky.cz\/zahranicni\/evropa\/460025-slovaci-dopadli-gang-ktery-nutil-postizene-zebrat-v-zapadni-evrope-a-almuzny-jim-bral.html\">ZDE<\/a><\/p>\n","protected":false},"excerpt":{"rendered":"<div class=\"mh-excerpt\"><p>Od roku 2013 nutil \u0161esti\u010dlenn\u00fd gang z okresu Rimavsk\u00e1 Sobota na Slovensku t\u011blesn\u011b posti\u017een\u00e9 invalidn\u00ed d\u016fchodce a soci\u00e1ln\u011b slab\u00e9 k \u017eebr\u00e1n\u00ed v Rakousku, N\u011bmecku a <a class=\"mh-excerpt-more\" href=\"https:\/\/www.invarena.cz\/?p=29972\" title=\"Slov\u00e1ci dopadli gang, kter\u00fd nutil posti\u017een\u00e9 \u017eebrat v z\u00e1padn\u00ed Evrop\u011b a almu\u017eny jim bral\">[&#8230;]<\/a><\/p>\n<\/div>","protected":false},"author":1,"featured_media":14246,"comment_status":"open","ping_status":"closed","sticky":false,"template":"","format":"standard","meta":{"footnotes":""},"categories":[9],"tags":[],"class_list":["post-29972","post","type-post","status-publish","format-standard","has-post-thumbnail","hentry","category-zpravy"],"_links":{"self":[{"href":"https:\/\/www.invarena.cz\/index.php?rest_route=\/wp\/v2\/posts\/29972","targetHints":{"allow":["GET"]}}],"collection":[{"href":"https:\/\/www.invarena.cz\/index.php?rest_route=\/wp\/v2\/posts"}],"about":[{"href":"https:\/\/www.invarena.cz\/index.php?rest_route=\/wp\/v2\/types\/post"}],"author":[{"embeddable":true,"href":"https:\/\/www.invarena.cz\/index.php?rest_route=\/wp\/v2\/users\/1"}],"replies":[{"embeddable":true,"href":"https:\/\/www.invarena.cz\/index.php?rest_route=%2Fwp%2Fv2%2Fcomments&post=29972"}],"version-history":[{"count":0,"href":"https:\/\/www.invarena.cz\/index.php?rest_route=\/wp\/v2\/posts\/29972\/revisions"}],"wp:featuredmedia":[{"embeddable":true,"href":"https:\/\/www.invarena.cz\/index.php?rest_route=\/wp\/v2\/media\/14246"}],"wp:attachment":[{"href":"https:\/\/www.invarena.cz\/index.php?rest_route=%2Fwp%2Fv2%2Fmedia&parent=29972"}],"wp:term":[{"taxonomy":"category","embeddable":true,"href":"https:\/\/www.invarena.cz\/index.php?rest_route=%2Fwp%2Fv2%2Fcategories&post=29972"},{"taxonomy":"post_tag","embeddable":true,"href":"https:\/\/www.invarena.cz\/index.php?rest_route=%2Fwp%2Fv2%2Ftags&post=29972"}],"curies":[{"name":"wp","href":"https:\/\/api.w.org\/{rel}","templated":true}]}}