{"id":29974,"date":"2018-01-11T17:04:05","date_gmt":"2018-01-11T16:04:05","guid":{"rendered":"http:\/\/www.invarena.cz\/?p=29974"},"modified":"2018-01-11T17:04:05","modified_gmt":"2018-01-11T16:04:05","slug":"na-ozdravne-pobyty-morsky-konik-od-vzp-se-letos-dostane-3000-deti","status":"publish","type":"post","link":"https:\/\/www.invarena.cz\/?p=29974","title":{"rendered":"Na ozdravn\u00e9 pobyty Mo\u0159sk\u00fd kon\u00edk od VZP se letos dostane 3000 d\u011bt\u00ed"},"content":{"rendered":"<p><strong>Na ozdravn\u00e9 pobyty Mo\u0159sk\u00fd kon\u00edk od V\u0161eobecn\u00e9 zdravotn\u00ed poji\u0161\u0165ovny (VZP) se letos dostane v\u00edce d\u011bt\u00ed ne\u017e v p\u0159edchoz\u00edch letech. Po 1500 jich v l\u00e9t\u011b pojede na t\u0159i t\u00fddny do Bulharska a \u010cern\u00e9 Hory. Spolu\u00fa\u010dast rodiny bude podle m\u00edsta a term\u00ednu od 3400 do 10.600 korun. <\/strong><!--more--><\/p>\n<p>Informovala o tom VZP na tiskov\u00e9 konferenci. Ozdravn\u00e9 pobyty pro d\u011bti v \u010cesku i v zahrani\u010d\u00ed nab\u00edzej\u00ed i dal\u0161\u00ed zdravotn\u00ed poji\u0161\u0165ovny.<\/p>\n<p>Pobyty jsou ur\u010den\u00e9 pro d\u011bti od sedmi do 16 let s chronick\u00fdmi pot\u00ed\u017eemi d\u00fdchac\u00edmi nebo ko\u017en\u00edmi jako jsou astma, atopick\u00fd ekz\u00e9m, lup\u00e9nka nebo alergie. Vylou\u010deni nejsou od leto\u0161n\u00edho roku ani d\u011bti s bezlepkovou dietou. Podrobnosti uv\u00e1d\u00ed poji\u0161\u0165ovna na webu.<\/p>\n<p>Podle odborn\u00edk\u016f by m\u011bl ozdravn\u00fd pobyt trvat nejm\u00e9n\u011b t\u0159i t\u00fddny. &#8222;Rad\u00edm rodi\u010d\u016fm, \u017ee nem\u00e1 cenu jezdit na t\u00fddenn\u00ed pobyt, proto\u017ee nemoc se zhor\u0161\u00ed. P\u0159i alespo\u0148 t\u0159\u00edt\u00fddenn\u00edm pobytu u mo\u0159e se nap\u0159\u00edklad u d\u011bt\u00ed s atopick\u00fdm ekz\u00e9mem vylep\u0161\u00ed a\u017e na t\u0159i \u010dtvrt\u011b roku natolik, \u017ee i doma jim sta\u010d\u00ed m\u00e9n\u011b l\u00e9k\u016f a mast\u00ed. Podobn\u00e9 je to i u astmatik\u016f, kter\u00fdm pak sta\u010d\u00ed m\u00e9n\u011b kortikoid\u016f a jsou i odoln\u011bj\u0161\u00ed proti respira\u010dn\u00edm onemocn\u011bn\u00edm,&#8220; \u0159ekl poslanec David Kasal (ANO), kter\u00fd je \u010dlenem spr\u00e1vn\u00ed rady VZP a z\u00e1rove\u0148 prim\u00e1\u0159em d\u011btsk\u00e9ho odd\u011blen\u00ed nemocnice v Chrudimi.<\/p>\n<p>Z\u00e1jemci o pobyt d\u00edt\u011bte u mo\u0159e hrazen\u00fd z \u010d\u00e1sti zdravotn\u00ed poji\u0161\u0165ovnou mohou p\u0159ihl\u00e1\u0161ku na formul\u00e1\u0159i na webu VZP podat osobn\u011b od pond\u011bl\u00ed 15. ledna. Jej\u00ed sou\u010d\u00e1st\u00ed je doporu\u010den\u00ed d\u011btsk\u00e9ho l\u00e9ka\u0159e nebo specialisty. Po pod\u00e1n\u00ed kontroluje p\u0159ihl\u00e1\u0161ku je\u0161t\u011b revizn\u00ed l\u00e9ka\u0159 poji\u0161\u0165ovny. &#8222;Z p\u0159edchoz\u00edch let, kdy bylo m\u00edst 1600, o\u010dek\u00e1v\u00e1me, \u017ee z\u00e1jem bude velk\u00fd. M\u011bli jsme zna\u010dn\u00fd p\u0159evis n\u00e1hradn\u00edk\u016f,&#8220; \u0159ekla n\u00e1m\u011bstkyn\u011b \u0159editele VZP pro slu\u017eby klient\u016fm Petra Pevn\u00e1. Nej\u017e\u00e1dan\u011bj\u0161\u00ed, ale z\u00e1rove\u0148 nejdra\u017e\u0161\u00ed term\u00edn na za\u010d\u00e1tku letn\u00edch pr\u00e1zdnin byl rozebran\u00fd i za dva dny.<\/p>\n<p>Poji\u0161\u0165ovna pobyty, na jejich\u017e hrazen\u00ed se pod\u00edl\u00ed ze t\u0159etiny rodi\u010de, nab\u00edz\u00ed od roku 1994. Vyu\u017eilo je t\u00e9m\u011b\u0159 100.000 d\u011bt\u00ed, n\u00e1klady byly 2,96 miliardy korun. D\u0159\u00edve byly tak\u00e9 v Turecku, Chorvatsku a \u0158ecku. Loni v \u00fanoru vypsala poji\u0161\u0165ovna zak\u00e1zku na dal\u0161\u00ed \u010dty\u0159i roky. Ze dvou \u00fa\u010dastn\u00edk\u016f vybrala cestovn\u00ed kancel\u00e1\u0159 Kovotour Plus s cenou kolem 231,5 milionu korun.<\/p>\n<p>Pobyty maj\u00ed i sv\u00e9 kritiky, podle kter\u00fdch by poji\u0161\u0165ovna m\u011bla za ur\u010dit\u00fdch podm\u00ednek p\u0159isp\u00edvat v\u0161em d\u011btem, kter\u00e9 absolvuj\u00ed l\u00e9\u010debn\u00fd pobyt, a to nejen v nab\u00edzen\u00fdch term\u00ednech a lokalit\u00e1ch. V roce 2011 tak\u00e9 Nejvy\u0161\u0161\u00ed kontroln\u00ed \u00fa\u0159ad uvedl, \u017ee VZP platila v projektu Mo\u0159sk\u00fd kon\u00edk l\u00e9\u010den\u00ed i neexistuj\u00edc\u00edm d\u011btem. Za neobsazen\u00e1 m\u00edsta vydala celkem 24 milion\u016f korun, z pen\u011bz na projekt se hradily i &#8222;inspek\u010dn\u00ed&#8220; cesty, na n\u011b\u017e se k mo\u0159i vydalo i cel\u00e9 tehdej\u0161\u00ed veden\u00ed VZP. VZP vedl tehdy p\u0159edchoz\u00ed \u0159editel Pavel Hor\u00e1k.<\/p>\n<p>Pobyty pro d\u011bti nab\u00edzej\u00ed i ostatn\u00ed zdravotn\u00ed poji\u0161\u0165ovny. Druh\u00e1 nejv\u011bt\u0161\u00ed, Zdravotn\u00ed poji\u0161\u0165ovna Ministerstva vnitra, pos\u00edl\u00e1 d\u011bti od \u010dty\u0159 do 14 let do Vysok\u00fdch Tater. Spolu\u00fa\u010dast je 4500 korun. T\u0159et\u00ed nejv\u011bt\u0161\u00ed, \u010cesk\u00e1 pr\u016fmyslov\u00e1 zdravotn\u00ed poji\u0161\u0165ovna, nab\u00edz\u00ed pobyty v \u010cern\u00e9 Ho\u0159e \u010di Tatr\u00e1ch, rodi\u010de p\u0159ipl\u00e1cej\u00ed od 2500 do 6000 korun. Klienti Oborov\u00e9 zdravotn\u00ed poji\u0161\u0165ovny mohou vyjet do Chorvatska, doplatek je od 8250 korun do 15.000 korun. Levn\u011bj\u0161\u00ed je pro rodiny, kde jsou oba rodi\u010de poji\u0161t\u011bnci OZP.<\/p>\n<p>VZP je nejv\u011bt\u0161\u00ed \u010deskou zdravotn\u00ed poji\u0161\u0165ovnou, m\u00e1 asi 5,9 milionu klient\u016f.<\/p>\n","protected":false},"excerpt":{"rendered":"<div class=\"mh-excerpt\"><p>Na ozdravn\u00e9 pobyty Mo\u0159sk\u00fd kon\u00edk od V\u0161eobecn\u00e9 zdravotn\u00ed poji\u0161\u0165ovny (VZP) se letos dostane v\u00edce d\u011bt\u00ed ne\u017e v p\u0159edchoz\u00edch letech. Po 1500 jich v l\u00e9t\u011b pojede <a class=\"mh-excerpt-more\" href=\"https:\/\/www.invarena.cz\/?p=29974\" title=\"Na ozdravn\u00e9 pobyty Mo\u0159sk\u00fd kon\u00edk od VZP se letos dostane 3000 d\u011bt\u00ed\">[&#8230;]<\/a><\/p>\n<\/div>","protected":false},"author":1,"featured_media":22091,"comment_status":"open","ping_status":"closed","sticky":false,"template":"","format":"standard","meta":{"footnotes":""},"categories":[9],"tags":[],"class_list":["post-29974","post","type-post","status-publish","format-standard","has-post-thumbnail","hentry","category-zpravy"],"_links":{"self":[{"href":"https:\/\/www.invarena.cz\/index.php?rest_route=\/wp\/v2\/posts\/29974","targetHints":{"allow":["GET"]}}],"collection":[{"href":"https:\/\/www.invarena.cz\/index.php?rest_route=\/wp\/v2\/posts"}],"about":[{"href":"https:\/\/www.invarena.cz\/index.php?rest_route=\/wp\/v2\/types\/post"}],"author":[{"embeddable":true,"href":"https:\/\/www.invarena.cz\/index.php?rest_route=\/wp\/v2\/users\/1"}],"replies":[{"embeddable":true,"href":"https:\/\/www.invarena.cz\/index.php?rest_route=%2Fwp%2Fv2%2Fcomments&post=29974"}],"version-history":[{"count":0,"href":"https:\/\/www.invarena.cz\/index.php?rest_route=\/wp\/v2\/posts\/29974\/revisions"}],"wp:featuredmedia":[{"embeddable":true,"href":"https:\/\/www.invarena.cz\/index.php?rest_route=\/wp\/v2\/media\/22091"}],"wp:attachment":[{"href":"https:\/\/www.invarena.cz\/index.php?rest_route=%2Fwp%2Fv2%2Fmedia&parent=29974"}],"wp:term":[{"taxonomy":"category","embeddable":true,"href":"https:\/\/www.invarena.cz\/index.php?rest_route=%2Fwp%2Fv2%2Fcategories&post=29974"},{"taxonomy":"post_tag","embeddable":true,"href":"https:\/\/www.invarena.cz\/index.php?rest_route=%2Fwp%2Fv2%2Ftags&post=29974"}],"curies":[{"name":"wp","href":"https:\/\/api.w.org\/{rel}","templated":true}]}}