{"id":29982,"date":"2018-01-11T20:23:34","date_gmt":"2018-01-11T19:23:34","guid":{"rendered":"http:\/\/www.invarena.cz\/?p=29982"},"modified":"2018-01-11T20:23:34","modified_gmt":"2018-01-11T19:23:34","slug":"na-domazlicke-radnici-ocenili-zdravotne-postizene-a-chronicky-nemocne-plavce-z-oceneni-meli-velkou-radost","status":"publish","type":"post","link":"https:\/\/www.invarena.cz\/?p=29982","title":{"rendered":"Na doma\u017elick\u00e9 radnici ocenili zdravotn\u011b posti\u017een\u00e9 a chronicky nemocn\u00e9 plavce. Z ocen\u011bn\u00ed m\u011bli velkou radost"},"content":{"rendered":"<p><strong>Ji\u017e za\u010d\u00e1tkem leto\u0161n\u00edho roku pro sv\u011b\u0159ence MCT CZ, z. s., v doprovodu rodi\u010d\u016f uspo\u0159\u00e1dalo M\u011bsto Doma\u017elice setk\u00e1n\u00ed na radnici, b\u011bhem kter\u00e9ho byly ocen\u011bny d\u011bti a ml\u00e1de\u017e se zdravotn\u00edm posti\u017een\u00edm a chronick\u00fdm onemocn\u011bn\u00edm.<\/strong> <!--more--><\/p>\n<p>Doma\u017elice \u2013 V ob\u0159adn\u00ed s\u00edni m\u011bsta je p\u0159iv\u00edtali m\u00edstostarostov\u00e9 Zden\u011bk Nov\u00e1k a Stanislav Anto\u0161. D\u011bti od nich obdr\u017eely knihy s v\u011bnov\u00e1n\u00edm a drobn\u00e9 d\u00e1rky, kter\u00e9 jim ud\u011blaly skute\u010dn\u011b velkou radost. Jejich rodi\u010de si mohli neform\u00e1ln\u011b pohovo\u0159it s p\u0159edstaviteli m\u011bsta o sv\u00fdch probl\u00e9mech a n\u00e1zoru na postoj k lidem s posti\u017een\u00edm.<\/p>\n<p>Za organizaci MCT CZ, z. s., byla p\u0159\u00edtomna Jaroslava Hlav\u00e1\u010dkov\u00e1, kter\u00e1 je nejenom jednatelkou, ale tak\u00e9 tren\u00e9rkou plav\u00e1n\u00ed d\u011bt\u00ed a ml\u00e1de\u017ee se zdravotn\u00edm posti\u017een\u00edm a chronick\u00fdm onemocn\u011bn\u00edm. Ohledn\u011b organizace MCT CZ, z. s., jsme j\u00ed polo\u017eili n\u011bkolik ot\u00e1zek:<\/p>\n<p>&#8211; Jak byste popsala \u017eivot d\u011bt\u00ed a ml\u00e1de\u017ee se zdravotn\u00edm posti\u017een\u00edm a chronick\u00fdm onemocn\u011bn\u00edm?<\/p>\n<p>Zdravotn\u011b posti\u017een\u00e9 d\u011bti a ml\u00e1de\u017e jdou svoji cestou \u017eivotem s omezen\u00edm, se kter\u00fdm se mus\u00ed nau\u010dit \u017e\u00edt, mus\u00ed se u\u010dit odol\u00e1vat n\u00e1rok\u016fm a vliv\u016fm okol\u00ed. Rodi\u010de, kte\u0159\u00ed o n\u011b pe\u010duj\u00ed, vynakl\u00e1daj\u00ed nemal\u00e9 prost\u0159edky na l\u00e9\u010dbu, dietn\u00ed stravu, kompenza\u010dn\u00ed pom\u016fcky a jejich vzd\u011bl\u00e1v\u00e1n\u00ed. V r\u00e1mci \u00faspor v\u011bt\u0161inou volno\u010dasov\u00e9 aktivity hendikepovan\u00e9mu d\u00edt\u011bti nedop\u0159ej\u00ed, nebo\u0165 nejsou schopni pokr\u00fdt pln\u011b n\u00e1klady na \u010dinnost.<\/p>\n<p>&#8211; Plav\u00e1n\u00ed, kter\u00e9 s d\u011btmi tr\u00e9nujete, je pro jejich rodi\u010de n\u00e1kladnou z\u00e1le\u017eitost\u00ed?<\/p>\n<p>P\u0159\u00edprava a realizace plav\u00e1n\u00ed pro ZTP a chronicky nemocn\u00e9 jedince je finan\u010dn\u011b n\u00e1ro\u010dn\u00e1.<\/p>\n<p>&#8211; Co to v\u0161echno obn\u00e1\u0161\u00ed?<\/p>\n<p>Vy\u017eaduje si odborn\u011b vzd\u011blan\u00fd a profesion\u00e1ln\u00ed t\u00fdm pracovn\u00edk\u016f (p\u0159ev\u00e1\u017en\u011b s vysoko\u0161kolsk\u00fdm vzd\u011bl\u00e1n\u00edm a specializac\u00ed), kter\u00fd je jednou z mnoha podm\u00ednek kvalitn\u011b poskytovan\u00e9 \u010dinnosti, pron\u00e1jmy baz\u00e9n\u016f s vhodnou teplotou a \u00fapravou vody v\u010detn\u011b kompenza\u010dn\u00edch pom\u016fcek. D\u00e1le samoz\u0159ejm\u011b \u00fazkou spolupr\u00e1ci rodi\u010d\u016f, kte\u0159\u00ed zaji\u0161\u0165uj\u00ed p\u0159\u00edmou p\u00e9\u010di o d\u00edt\u011b (znaj\u00ed zdravotn\u00ed stav d\u00edt\u011bte a dok\u00e1\u017e\u00ed p\u0159edv\u00eddat a reagovat na krizov\u00e9 situace).<\/p>\n<p>&#8211; Jak je to v pozd\u011bj\u0161\u00edm v\u011bku takov\u00e9ho d\u00edt\u011bte? Je v pr\u016fb\u011bhu cel\u00e9ho \u017eivota z\u00e1visl\u00fdm na sv\u00e9m rodi\u010di?<\/p>\n<p>V pozd\u011bj\u0161\u00edm v\u011bku je rodi\u010d nahrazen asistentem, kter\u00fd je st\u00e1le p\u0159\u00edtomen p\u0159i \u010dinnosti sv\u011b\u0159ence, motivuje ho a je mu n\u00e1pomocen.<\/p>\n<p>&#8211; Co je podle v\u00e1s hlavn\u00edm p\u0159\u00ednosem plav\u00e1n\u00ed pro osoby ZTP a chronicky nemocn\u00e9?<\/p>\n<p>Hlavn\u00ed p\u0159\u00ednos plav\u00e1n\u00ed pro osoby ZTP a chronicky nemocn\u00e9 spo\u010d\u00edv\u00e1 v aktivizaci z\u00fa\u010dastn\u011bn\u00fdch osob. Cenn\u00fd a pozitivn\u00ed vliv m\u00e1 plav\u00e1n\u00ed na rozvoj soci\u00e1ln\u00edch dovednost\u00ed, na podporu psychomotorick\u00e9ho rozvoje a zlep\u0161en\u00ed soci\u00e1ln\u00edch vztah\u016f. Smyslupln\u00e9 tr\u00e1ven\u00ed voln\u00e9ho \u010dasu se stane p\u0159irozenou sou\u010d\u00e1st\u00ed jejich \u017eivota.<\/p>\n<p>&#8211; \u00da\u010dastn\u00edte se s d\u011btmi i n\u011bjak\u00fdch sout\u011b\u017e\u00ed v plav\u00e1n\u00ed?<\/p>\n<p>V r\u00e1mci Hnut\u00ed speci\u00e1ln\u00edch olympi\u00e1d z\u00edskali na\u0161i sv\u011b\u0159enci (ment\u00e1ln\u011b posti\u017een\u00e1 ml\u00e1de\u017e z MCT CZ, z. s.) 2 zlat\u00e9, 2 bronzov\u00e9 a 1 st\u0159\u00edbrnou medaili na evropsk\u00e9m z\u00e1vod\u011b Emil Open 2017.<\/p>\n<p>&#8211; Je o aktivity, kter\u00e9 pro tuto skupinu d\u011bt\u00ed a ml\u00e1de\u017ee po\u0159\u00e1d\u00e1te, velk\u00fd z\u00e1jem?<\/p>\n<p>Z\u00e1jem o celoro\u010dn\u00ed aktivity st\u00e1le roste, po\u010d\u00edt\u00e1me s n\u00e1r\u016fstem klient\u016f a sou\u010dasn\u011b s pos\u00edlen\u00edm nov\u00fdch vy\u0161kolen\u00fdch pracovn\u00edk\u016f.<\/p>\n<p>&#8211; Jak\u00fdm zp\u016fsobem je v\u00e1\u0161 projekt zafinancov\u00e1n?<\/p>\n<p>Na\u0161i \u010dlenov\u00e9 se pod\u00edl\u00ed na financov\u00e1n\u00ed projektu minim\u00e1ln\u00edmi \u010dlensk\u00fdmi p\u0159\u00edsp\u011bvky. Ostatn\u00ed n\u00e1klady se sna\u017e\u00edme zajistit dotacemi, p\u0159\u00edsp\u011bvky od \u00fa\u010dastn\u00edk\u016f jednor\u00e1zov\u00fdch aktivit, vzd\u011bl\u00e1vac\u00edch a tr\u00e9ninkov\u00fdch kurz\u016f. Partnerem s finan\u010dn\u00edm p\u0159\u00edsp\u011bvkem je M\u011bsto Doma\u017elice.<\/p>\n<p>&#8211; Podporuje M\u011bsto Doma\u017elice va\u0161i \u010dinnost je\u0161t\u011b n\u011bjak\u00fdm jin\u00fdm zp\u016fsobem, ne\u017e jsou finan\u010dn\u00ed p\u0159\u00edsp\u011bvky?<\/p>\n<p>Samospr\u00e1va M\u011bsta Doma\u017elice na\u0161i \u010dinnost podporuje nejen finan\u010dn\u011b, ale spolupracuje s organizac\u00ed i p\u0159i po\u0159\u00e1d\u00e1n\u00ed ve\u0159ejn\u00fdch akc\u00ed. Ve\u0159ejnosti nab\u00edz\u00edme mo\u017enost spole\u010dn\u00e9 cesty k odstran\u011bn\u00ed stereotypn\u00edho postoje spole\u010dnosti v\u016f\u010di lidem se zdravotn\u00edm posti\u017een\u00edm.<\/p>\n<p>&#8211; O jak\u00e9 ve\u0159ejn\u00e9 akce se jedn\u00e1?<\/p>\n<p>Jsou to besedy a kurzy, v r\u00e1mci kter\u00fdch m\u00e1 ve\u0159ejnost mo\u017enost nahl\u00e9dnout do \u017eivota osob se zdravotn\u00edm posti\u017een\u00edm s c\u00edlem pos\u00edlen\u00ed soci\u00e1ln\u00ed integrace.<\/p>\n<p>&#8211; Kdo je realiz\u00e1torem va\u0161eho projektu?<\/p>\n<p>Realiz\u00e1torem projektu, kter\u00fd byl zah\u00e1jen ji\u017e v roce 2005, je MCT CZ, z. s.<\/p>\n<p>JI\u0158\u00cd STUDNI\u010cKA<br \/>\nDoma\u017elick\u00fd den\u00edk<br \/>\n<a href=\"http:\/\/domazlicky.denik.cz\/\">http:\/\/domazlicky.denik.cz\/<\/a><\/p>\n","protected":false},"excerpt":{"rendered":"<div class=\"mh-excerpt\"><p>Ji\u017e za\u010d\u00e1tkem leto\u0161n\u00edho roku pro sv\u011b\u0159ence MCT CZ, z. s., v doprovodu rodi\u010d\u016f uspo\u0159\u00e1dalo M\u011bsto Doma\u017elice setk\u00e1n\u00ed na radnici, b\u011bhem kter\u00e9ho byly ocen\u011bny d\u011bti a <a class=\"mh-excerpt-more\" href=\"https:\/\/www.invarena.cz\/?p=29982\" title=\"Na doma\u017elick\u00e9 radnici ocenili zdravotn\u011b posti\u017een\u00e9 a chronicky nemocn\u00e9 plavce. Z ocen\u011bn\u00ed m\u011bli velkou radost\">[&#8230;]<\/a><\/p>\n<\/div>","protected":false},"author":1,"featured_media":16880,"comment_status":"open","ping_status":"closed","sticky":false,"template":"","format":"standard","meta":{"footnotes":""},"categories":[9],"tags":[],"class_list":["post-29982","post","type-post","status-publish","format-standard","has-post-thumbnail","hentry","category-zpravy"],"_links":{"self":[{"href":"https:\/\/www.invarena.cz\/index.php?rest_route=\/wp\/v2\/posts\/29982","targetHints":{"allow":["GET"]}}],"collection":[{"href":"https:\/\/www.invarena.cz\/index.php?rest_route=\/wp\/v2\/posts"}],"about":[{"href":"https:\/\/www.invarena.cz\/index.php?rest_route=\/wp\/v2\/types\/post"}],"author":[{"embeddable":true,"href":"https:\/\/www.invarena.cz\/index.php?rest_route=\/wp\/v2\/users\/1"}],"replies":[{"embeddable":true,"href":"https:\/\/www.invarena.cz\/index.php?rest_route=%2Fwp%2Fv2%2Fcomments&post=29982"}],"version-history":[{"count":0,"href":"https:\/\/www.invarena.cz\/index.php?rest_route=\/wp\/v2\/posts\/29982\/revisions"}],"wp:featuredmedia":[{"embeddable":true,"href":"https:\/\/www.invarena.cz\/index.php?rest_route=\/wp\/v2\/media\/16880"}],"wp:attachment":[{"href":"https:\/\/www.invarena.cz\/index.php?rest_route=%2Fwp%2Fv2%2Fmedia&parent=29982"}],"wp:term":[{"taxonomy":"category","embeddable":true,"href":"https:\/\/www.invarena.cz\/index.php?rest_route=%2Fwp%2Fv2%2Fcategories&post=29982"},{"taxonomy":"post_tag","embeddable":true,"href":"https:\/\/www.invarena.cz\/index.php?rest_route=%2Fwp%2Fv2%2Ftags&post=29982"}],"curies":[{"name":"wp","href":"https:\/\/api.w.org\/{rel}","templated":true}]}}