{"id":29984,"date":"2018-01-11T20:32:39","date_gmt":"2018-01-11T19:32:39","guid":{"rendered":"http:\/\/www.invarena.cz\/?p=29984"},"modified":"2018-01-11T20:32:39","modified_gmt":"2018-01-11T19:32:39","slug":"do-specialni-skoly-v-machackove-ulici-konecne-nefouka-je-vlidna-i-k-vozickarum","status":"publish","type":"post","link":"https:\/\/www.invarena.cz\/?p=29984","title":{"rendered":"Do speci\u00e1ln\u00ed \u0161koly v Mach\u00e1\u010dkov\u011b ulici kone\u010dn\u011b nefouk\u00e1, je vl\u00eddn\u00e1 i k voz\u00ed\u010dk\u00e1\u0159\u016fm"},"content":{"rendered":"<p><strong>Radnice nechala opravit objekt za 20 milion\u016f korun.<\/strong> <!--more--><\/p>\n<p>Plze\u0148 \u2013 &#8222;Pan\u00ed u\u010ditelko, koho m\u00e1m volit za prezidenta?&#8220; pt\u00e1 se jeden z \u017e\u00e1k\u016f z\u00e1kladn\u00ed \u0161koly v Mach\u00e1\u010dkov\u011b ulici ve Skvr\u0148anech. Jeho t\u0159\u00edda se v\u010dera prom\u011bnila v improvizovanou volebn\u00ed m\u00edstnost, kde si \u017e\u00e1ci zkou\u0161\u00ed nap\u0159\u00edklad vyplnit volebn\u00ed pr\u016fkaz. I kdy\u017e volit je\u0161t\u011b samoz\u0159ejm\u011b nemohou, dok\u00e1\u017e\u00ed se alespo\u0148 trochu zorientovat. Konkr\u00e9tn\u00ed doporu\u010den\u00ed od u\u010ditelky ale stejn\u011b nedostanou. &#8222;Jsou to svobodn\u00e9 volby, ka\u017ed\u00fd se mus\u00ed rozhodnout s\u00e1m,&#8220; \u0159\u00edk\u00e1 jim.<\/p>\n<p>PRO OBLEK M\u00c1 SLABOST<\/p>\n<p>V sedm\u00e9 t\u0159\u00edd\u011b rozd\u00e1v\u00e1 \u017e\u00e1k \u0160tefan p\u0159\u00e1n\u00ed\u010dka k nov\u00e9mu roku. Je v obleku a v ko\u0161ili s kravatou. &#8222;P\u0159\u00e1l jsem si to k V\u00e1noc\u016fm,&#8220; \u0159\u00edk\u00e1. Uzel na kravat\u011b mu uv\u00e1zal d\u011bda se str\u00fdcem, t\u00e1ta to pr\u00fd neum\u00ed. U\u010ditelky potvrzuj\u00ed, \u017ee \u0160tefan si na oble\u010den\u00ed potrp\u00ed. &#8222;V l\u00e9t\u011b nos\u00ed dokonce klobouk,&#8220; poznamen\u00e1v\u00e1 u\u010ditelka.<\/p>\n<p>Kousek d\u00e1l ve t\u0159\u00edd\u011b zahradn\u00edk\u016f prob\u00edraj\u00ed hnojiva. Jde u\u017e o odbornou \u0161kolu, kde studuj\u00ed d\u011bti obor zahradnick\u00e1 v\u00fdroba. Na konci z\u00edskaj\u00ed v\u00fdu\u010dn\u00ed list.<\/p>\n<p>KOMU VON\u00cd HNOJIVA?<\/p>\n<p>&#8222;No, moc jim to t\u00e9ma nevon\u00ed,&#8220; nar\u00e1\u017e\u00ed sympatick\u00e1 u\u010ditelka na dne\u0161n\u00ed l\u00e1tku. D\u011bti maj\u00ed t\u00fdden \u0161kolu, t\u00fdden praxe a po vyu\u010den\u00ed by m\u011bly b\u00fdt schopn\u00e9 se v oboru pomocn\u00fdch zahradnick\u00fdch prac\u00ed u\u017eivit. Studentka Ane\u017eka \u0159\u00edk\u00e1, \u017ee zahradnictv\u00ed je bav\u00ed a maj\u00ed k n\u011bmu vztah. &#8222;Dokonce jsem pomohla sousedovi uchovat skoro zni\u010denou kytku dyfenbachii. Zachr\u00e1nila jsem ji,&#8220; tvrd\u00ed p\u0159esv\u011bd\u010div\u011b.<\/p>\n<p>\u0158editelka \u0161koly Milena Pete\u0159\u00edkov\u00e1 je na sv\u00e9 chr\u00e1n\u011bnce py\u0161n\u00e1. &#8222;M\u00e1me mnohem men\u0161\u00ed po\u010dty \u017e\u00e1k\u016f, ne\u017e je obvykl\u00e9 na jin\u00fdch \u0161kol\u00e1ch, a tak\u00e9 asistenty, kte\u0159\u00ed hodn\u011b pom\u00e1haj\u00ed,&#8220; sv\u011b\u0159uje se. V z\u00e1\u0159\u00ed j\u00ed p\u0159itom chyb\u011blo pr\u00e1v\u011b na asistenty kolem 600 tis\u00edc korun a hrozilo, \u017ee se jich budou muset vzd\u00e1t. &#8222;Na\u0161t\u011bst\u00ed n\u00e1m to doplatil Plze\u0148sk\u00fd kraj, za co\u017e jsme velmi r\u00e1di,&#8220; dodala. D\u011bti na asistenty nedaj\u00ed dopustit.<\/p>\n<p>ZA\u010cALO TO DV\u011aMA MILIONY<\/p>\n<p>Dvacetimilionov\u00e1 rekonstrukce \u0161koln\u00edho are\u00e1lu pat\u0159\u00ed mezi nejv\u011bt\u0161\u00ed lo\u0148sk\u00e9 akce odboru investic plze\u0148sk\u00e9ho magistr\u00e1tu. &#8222;Za\u010dalo to dv\u011bma miliony korun na v\u00fdm\u011bnu oken,&#8220; poznamenal technick\u00fd n\u00e1m\u011bstek prim\u00e1tora Pavel \u0160indel\u00e1\u0159 (ODS).<\/p>\n<p>Rekonstrukce nakonec trvala od lo\u0148sk\u00e9ho \u010dervna do listopadu a opravilo se v\u0161e v\u010detn\u011b elektroinstalace, topen\u00ed, zateplen\u00ed \u010di st\u0159echy.&#8220;\u0160kola je te\u010f bezbari\u00e9rov\u00e1, co\u017e je pro n\u00e1s d\u016fle\u017eit\u00e9. M\u00e1me i dva voz\u00ed\u010dk\u00e1\u0159e,&#8220; uvedla vedouc\u00ed u\u010ditelka st\u0159edn\u00ed \u0161koly Dagmar Marv\u00e1nkov\u00e1.<\/p>\n<p>&#8212;<\/p>\n<p>Speci\u00e1ln\u00ed \u0161kola v Mach\u00e1\u010dkov\u011b ulici<\/p>\n<p>&#8211; Jde o Odbornou, Z\u00e1kladn\u00ed a Mate\u0159skou \u0161kolu se s\u00eddlem ve Zb\u016fchu, pro kterou plze\u0148sk\u00e1 radnice zrekonstruovala objekt v Mach\u00e1\u010dkov\u011b ulici ve Skvr\u0148anech za v\u00edce ne\u017e 20 milion\u016f K\u010d.<br \/>\n&#8211; Za\u0159\u00edzen\u00ed slou\u017e\u00ed cca 105 d\u011btem a \u017e\u00e1k\u016fm se speci\u00e1ln\u00edmi vzd\u011bl\u00e1vac\u00edmi pot\u0159ebami v oblasti ment\u00e1ln\u00edho posti\u017een\u00ed a s autismem.<br \/>\n&#8211; Vyu\u010dov\u00e1n\u00ed zaji\u0161\u0165uje cca 30 odborn\u00fdch pedagog\u016f a 16 asistent\u016f. Pat\u0159\u00ed sem i praktick\u00e1 dvoulet\u00e1 \u0161kola, kter\u00e1 p\u0159ipravuje \u017e\u00e1ky pro v\u00fdkon jednoduch\u00fdch prac\u00ed a \u010dinnost\u00ed v b\u011b\u017en\u00e9m \u017eivot\u011b.<\/p>\n<p>DANA VESEL\u00c1<br \/>\nPlze\u0148sk\u00fd den\u00edk<br \/>\n<a href=\"http:\/\/plzensky.denik.cz\/\">http:\/\/plzensky.denik.cz\/<\/a><\/p>\n","protected":false},"excerpt":{"rendered":"<div class=\"mh-excerpt\"><p>Radnice nechala opravit objekt za 20 milion\u016f korun.<\/p>\n<\/div>","protected":false},"author":1,"featured_media":27787,"comment_status":"open","ping_status":"closed","sticky":false,"template":"","format":"standard","meta":{"footnotes":""},"categories":[9],"tags":[],"class_list":["post-29984","post","type-post","status-publish","format-standard","has-post-thumbnail","hentry","category-zpravy"],"_links":{"self":[{"href":"https:\/\/www.invarena.cz\/index.php?rest_route=\/wp\/v2\/posts\/29984","targetHints":{"allow":["GET"]}}],"collection":[{"href":"https:\/\/www.invarena.cz\/index.php?rest_route=\/wp\/v2\/posts"}],"about":[{"href":"https:\/\/www.invarena.cz\/index.php?rest_route=\/wp\/v2\/types\/post"}],"author":[{"embeddable":true,"href":"https:\/\/www.invarena.cz\/index.php?rest_route=\/wp\/v2\/users\/1"}],"replies":[{"embeddable":true,"href":"https:\/\/www.invarena.cz\/index.php?rest_route=%2Fwp%2Fv2%2Fcomments&post=29984"}],"version-history":[{"count":0,"href":"https:\/\/www.invarena.cz\/index.php?rest_route=\/wp\/v2\/posts\/29984\/revisions"}],"wp:featuredmedia":[{"embeddable":true,"href":"https:\/\/www.invarena.cz\/index.php?rest_route=\/wp\/v2\/media\/27787"}],"wp:attachment":[{"href":"https:\/\/www.invarena.cz\/index.php?rest_route=%2Fwp%2Fv2%2Fmedia&parent=29984"}],"wp:term":[{"taxonomy":"category","embeddable":true,"href":"https:\/\/www.invarena.cz\/index.php?rest_route=%2Fwp%2Fv2%2Fcategories&post=29984"},{"taxonomy":"post_tag","embeddable":true,"href":"https:\/\/www.invarena.cz\/index.php?rest_route=%2Fwp%2Fv2%2Ftags&post=29984"}],"curies":[{"name":"wp","href":"https:\/\/api.w.org\/{rel}","templated":true}]}}