{"id":29998,"date":"2018-01-15T15:49:29","date_gmt":"2018-01-15T14:49:29","guid":{"rendered":"http:\/\/www.invarena.cz\/?p=29998"},"modified":"2018-01-15T15:49:29","modified_gmt":"2018-01-15T14:49:29","slug":"novy-spolek-vtrhl-na-scenu-jako-divoka-voda","status":"publish","type":"post","link":"https:\/\/www.invarena.cz\/?p=29998","title":{"rendered":"Nov\u00fd spolek vtrhl na sc\u00e9nu jako divok\u00e1 voda"},"content":{"rendered":"<p><strong>Atletika Bez Bari\u00e9r p\u0159evzala od Hv\u011bzdy v\u0161echny povinnosti i c\u00edle. A vloni se \u010dinila.<\/strong> <!--more--><\/p>\n<p>Pardubice \u2013 Za rok stihli jako druh\u00fd za p\u011bt let&#8230; Z\u00e1stupci atlet\u016f Bez Bari\u00e9r se se\u0161li, aby zhodnotili p\u0159edchoz\u00edch dvan\u00e1ct m\u011bs\u00edc\u016f a tak\u00e9 p\u0159ipravili pl\u00e1n pro tucet t\u011bch n\u00e1sleduj\u00edc\u00edch.<\/p>\n<p>&#8222;Hodn\u011b se toho poda\u0159ilo a dal\u0161\u00ed velk\u00e9 kroky jsou p\u0159ed n\u00e1mi,&#8220; p\u0159edes\u00edl\u00e1 p\u0159edsedkyn\u011b spolku Eva Hrdinov\u00e1.<\/p>\n<p>P\u0158ES DV\u011a STOVKY<\/p>\n<p>Na konci roku 2016 do\u0161lo k odd\u011blen\u00ed handicapovan\u00fdch atlet\u016f od Sportovn\u00edho klubu Hv\u011bzda Pardubice a vznikl samostatn\u00fd spolek Atletika Bez Bari\u00e9r Pardubice.<\/p>\n<p>&#8222;N\u00e1\u0161 spolek pln\u011b p\u0159evzal v\u0161echny povinnosti a c\u00edle p\u0159ede\u0161l\u00e9 organizace, v\u010detn\u011b \u010dlensk\u00e9 z\u00e1kladny. K dne\u0161n\u00edmu dni m\u00e1 spolek ve sv\u00fdch \u0159ad\u00e1ch 204 atlet\u016f ve v\u011bku od \u0161esti do p\u011bta\u0161edes\u00e1ti let. Z toho je n\u011bkolik \u010desk\u00fdch reprezentant\u016f, \u00fa\u010dastn\u00edk\u016f vrcholn\u00fdch sv\u011btov\u00fdch akc\u00ed, ale i v\u00edce ne\u017e sto t\u0159iceti handicapovan\u00fdch d\u011bt\u00ed,&#8220; vysv\u011btluje Hrdinov\u00e1.<\/p>\n<p>DOMA I V ZAHRANI\u010c\u00cd<\/p>\n<p>V ned\u00e1vno skon\u010den\u00e9m roce absolvovali t\u0159i z\u00e1stupci Atletiky Bez Bari\u00e9r, konkr\u00e9tn\u011b Martin Zach, Michal Enge a Jaroslav Petrou\u0161 nomina\u010dn\u00ed z\u00e1vod v Dubaji, kde z\u00edskali \u0161est medail\u00ed. Nav\u00edc splnili i n\u00e1ro\u010dn\u00e9 nomina\u010dn\u00ed limity na mistrovstv\u00ed sv\u011bta v Lond\u00fdn\u011b. Vrcholn\u00e9 akce lo\u0148sk\u00e9 sezony se z\u00fa\u010dastnili dva z nich. Oba v hodu ku\u017eelkou. Michal Enge obsadil osmou p\u0159\u00ed\u010dku a Martin Zach skon\u010dil na dev\u00e1t\u00e9m m\u00edst\u011b.<\/p>\n<p>Handicapov\u00e1n\u00ed sportovci se \u010dinili i na dom\u00e1c\u00edm poli. Zm\u00edn\u00edme zde \u00fasp\u011bchy na dom\u00e1c\u00edm poli. Z republikov\u00e9ho \u0161ampion\u00e1tu dovezli celkem dvacet cenn\u00fdch kov\u016f. \u0160est z nich se um\u00edstilo v nejlep\u0161\u00ed des\u00edtce v presti\u017en\u00edm \u010cesk\u00e9m poh\u00e1ru voz\u00ed\u010dk\u00e1\u0159\u016f.<\/p>\n<p>DOSTAT SE MEZI LIDI<\/p>\n<p>Za p\u0159\u00ednosn\u00fd krok pova\u017euj\u00ed ve spolku tak\u00e9 osv\u011btu, kterou jeho p\u0159edstavitel\u00e9 i samotn\u00ed sportovci \u0161\u00ed\u0159ili mezi ve\u0159ejnost.<\/p>\n<p>&#8222;V letn\u00edch m\u011bs\u00edc\u00edch jsme se z\u00fa\u010dastnili \u0159ady akc\u00ed s c\u00edlem p\u0159ibl\u00ed\u017eit sport handicapovan\u00fdch. A tak\u00e9 s mo\u017enost\u00ed si discipl\u00edny vyzkou\u0161et. A\u017e u\u017e to bylo na Sporti\u00e1dy \u0161koly Sv\u00edt\u00e1n\u00ed na Dostihov\u00e9m z\u00e1vodi\u0161ti, exhibici na Lionsk\u00e9m dni, na Sportovn\u00edho parku Pardubice \u010di na Ko\u0161umbersk\u00fdch hr\u00e1ch,&#8220; vypo\u010d\u00edt\u00e1v\u00e1 Hrdinov\u00e1.<\/p>\n<p>PLODN\u00cd PO\u0158ADATEL\u00c9&#8230;<\/p>\n<p>S t\u00edm souvis\u00ed tak\u00e9 fakt, \u017ee spolek Atletika Bez Barier uspo\u0159\u00e1dal n\u011bkolik tradi\u010dn\u00edch akc\u00ed. Tou nejv\u011bt\u0161\u00ed je Velk\u00e1 cena Pardubic v atletice voz\u00ed\u010dk\u00e1\u0159\u016f. Vloni se konal jej\u00ed jubilejn\u00ed dvac\u00e1t\u00fd ro\u010dn\u00edk.<\/p>\n<p>&#8222;A poprv\u00e9 byl sankcionovan\u00fd. To znamen\u00e1, \u017ee v\u00fdsledky se po\u010d\u00edtaly do mezin\u00e1rodn\u00edho \u017eeb\u0159\u00ed\u010dku a mohly b\u00fdt uzn\u00e1ny jako limity pro mistrovstv\u00ed svat\u011b,&#8220; objas\u0148uje reprezenta\u010dn\u00ed tren\u00e9rka.<\/p>\n<p>Dal\u0161\u00ed tradi\u010dn\u00ed akc\u00ed je \u0160koln\u00ed atletick\u00fd parapoh\u00e1r jako z\u00e1vod pro handicapovan\u00e9 d\u011bti ze \u0161koln\u00edch kolektiv\u016f z cel\u00e9ho Pardubick\u00e9ho kraje i mimo n\u011bj.<\/p>\n<p>&#8222;Zaznamenali jsme rekordn\u00ed \u00fa\u010dast osmn\u00e1cti \u0161koln\u00edmi kolektivy s v\u00edce ne\u017e 150 d\u011btmi,&#8220; \u0159\u00edk\u00e1 Hrdinov\u00e1.<\/p>\n<p>Na podzim spolek uspo\u0159\u00e1dal 3. ro\u010dn\u00edk m\u00edtinku s n\u00e1zvem Rozlou\u010den\u00ed se sezonou, kde byly p\u0159ekon\u00e1ny t\u0159i \u010desk\u00e9 rekordy.<\/p>\n<p>Nebyla by to nov\u00e1 organizace, aby nep\u0159i\u0161la s n\u011b\u010d\u00edm nov\u00fdm.<\/p>\n<p>&#8222;Zavedli jsme seri\u00e1l Atletick\u00fdch dopoledn\u00ed Bez Bari\u00e9r. Tedy atletick\u00e9ho \u010dty\u0159boje pro handicapovan\u00e9 d\u011bti, kde ka\u017ed\u00fd ze z\u00e1vodn\u00edk\u016f absolvuje b\u011bh na 60 m, skok dalek\u00fd, hod m\u00ed\u010dkem a b\u011bh na 400 \u010di 800 m,&#8220; p\u0159ipom\u00edn\u00e1 p\u0159edsedkyn\u011b spolku.<\/p>\n<p>POZV\u00c1NKA NA 1. PLES<\/p>\n<p>P\u0159edstavitel\u00e9 spolku museli v roce 2017 zajistit plynul\u00fd p\u0159echod z klubu do spolku tak, aby to \u017e\u00e1dn\u00fdm zp\u016fsobem neovlivnilo jednotliv\u00e9 \u010dleny ani kolektivy.<\/p>\n<p>&#8222;Nakoupili jsme nov\u00e9 sportovn\u00ed oble\u010den\u00ed a dresy, tak\u00e9 sportovn\u00ed vybaven\u00ed, pot\u0159eby pro z\u00e1vody. Zajistili jsme \u0161kolen\u00e9 rozhod\u010d\u00ed i pomocn\u00edky i prostory pro p\u0159\u00edpravu. Zam\u011bstnali jsme nov\u00e9ho tren\u00e9ra ml\u00e1de\u017ee, a p\u0159isp\u011bli na \u00fa\u010dast na\u0161ich atlet\u016f a doprovod\u016f na zahrani\u010dn\u00edch akc\u00edch,&#8220; poznamen\u00e1v\u00e1 Eva Hrdinov\u00e1, kter\u00e1 je\u0161t\u011b dod\u00e1v\u00e1:<\/p>\n<p>&#8222;V t\u00e9to sez\u00f3n\u011b bychom cht\u011bli stejn\u011b \u00fasp\u011b\u0161n\u011b pokra\u010dovat. Vedle tradi\u010dn\u00edch sportovn\u00edch akc\u00ed pl\u00e1nujeme Sportovn\u00ed den Bez Bari\u00e9r pro ve\u0159ejnost za \u00fa\u010dasti i jin\u00fdch sport\u016f ne\u017e jen atletiky. V\u011b\u0159\u00edme v \u00fa\u010dast na\u0161ich reprezentant\u016f na dom\u00e1c\u00edm \u0161ampion\u00e1tu i na mistrovstv\u00ed Evropy v Berl\u00edn\u011b. R\u00e1di bychom roz\u0161\u00ed\u0159ili akce pro handicapovan\u00e9 d\u011bti a nab\u00eddli sportovn\u00ed p\u0159\u00edpravu i klient\u016fm dom\u016f soci\u00e1ln\u00edch slu\u017eeb. V \u00fanoru tak\u00e9 uspo\u0159\u00e1d\u00e1me premi\u00e9rov\u00fd sportovn\u00ed ples Bez Bari\u00e9r.&#8220;<\/p>\n<p>Pardubick\u00fd den\u00edk<br \/>\n<a href=\"http:\/\/pardubicky.denik.cz\/\">http:\/\/pardubicky.denik.cz\/<\/a><\/p>\n","protected":false},"excerpt":{"rendered":"<div class=\"mh-excerpt\"><p>Atletika Bez Bari\u00e9r p\u0159evzala od Hv\u011bzdy v\u0161echny povinnosti i c\u00edle. A vloni se \u010dinila.<\/p>\n<\/div>","protected":false},"author":1,"featured_media":6904,"comment_status":"open","ping_status":"closed","sticky":false,"template":"","format":"standard","meta":{"footnotes":""},"categories":[9],"tags":[],"class_list":["post-29998","post","type-post","status-publish","format-standard","has-post-thumbnail","hentry","category-zpravy"],"_links":{"self":[{"href":"https:\/\/www.invarena.cz\/index.php?rest_route=\/wp\/v2\/posts\/29998","targetHints":{"allow":["GET"]}}],"collection":[{"href":"https:\/\/www.invarena.cz\/index.php?rest_route=\/wp\/v2\/posts"}],"about":[{"href":"https:\/\/www.invarena.cz\/index.php?rest_route=\/wp\/v2\/types\/post"}],"author":[{"embeddable":true,"href":"https:\/\/www.invarena.cz\/index.php?rest_route=\/wp\/v2\/users\/1"}],"replies":[{"embeddable":true,"href":"https:\/\/www.invarena.cz\/index.php?rest_route=%2Fwp%2Fv2%2Fcomments&post=29998"}],"version-history":[{"count":0,"href":"https:\/\/www.invarena.cz\/index.php?rest_route=\/wp\/v2\/posts\/29998\/revisions"}],"wp:featuredmedia":[{"embeddable":true,"href":"https:\/\/www.invarena.cz\/index.php?rest_route=\/wp\/v2\/media\/6904"}],"wp:attachment":[{"href":"https:\/\/www.invarena.cz\/index.php?rest_route=%2Fwp%2Fv2%2Fmedia&parent=29998"}],"wp:term":[{"taxonomy":"category","embeddable":true,"href":"https:\/\/www.invarena.cz\/index.php?rest_route=%2Fwp%2Fv2%2Fcategories&post=29998"},{"taxonomy":"post_tag","embeddable":true,"href":"https:\/\/www.invarena.cz\/index.php?rest_route=%2Fwp%2Fv2%2Ftags&post=29998"}],"curies":[{"name":"wp","href":"https:\/\/api.w.org\/{rel}","templated":true}]}}