{"id":30015,"date":"2018-01-17T11:48:21","date_gmt":"2018-01-17T10:48:21","guid":{"rendered":"http:\/\/www.invarena.cz\/?p=30015"},"modified":"2018-01-17T11:48:21","modified_gmt":"2018-01-17T10:48:21","slug":"jak-prehlasit-novorozence-k-jine-zdravotni-pojistovne","status":"publish","type":"post","link":"https:\/\/www.invarena.cz\/?p=30015","title":{"rendered":"Jak p\u0159ehl\u00e1sit novorozence k jin\u00e9 zdravotn\u00ed poji\u0161\u0165ovn\u011b?"},"content":{"rendered":"<p><strong>OT\u00c1ZKA : Cht\u011bli bychom na\u0161e d\u00edt\u011b, kter\u00e9 se narod\u00ed v \u0159\u00edjnu, nechat co nejd\u0159\u00edv p\u0159eregistrovat k VZP. Man\u017eelka si p\u0159ihl\u00e1\u0161ku u\u017e v l\u00e9t\u011b podala a bude u VZP od 1. ledna. Jak dos\u00e1hneme toho, aby i na\u0161e d\u00edt\u011b bylo u VZP u\u017e od ledna?<\/strong><!--more--><\/p>\n<p>ODPOV\u011a\u010e:<\/p>\n<p>Bohu\u017eel, z\u00e1kon neumo\u017e\u0148uje p\u0159eregistraci d\u00edt\u011bte mimo b\u011b\u017en\u00e9 term\u00edny. I v p\u0159\u00edpad\u011b prvn\u00ed p\u0159eregistrace d\u00edt\u011bte lze zdravotn\u00ed poji\u0161\u0165ovnu zm\u011bnit v\u00fdlu\u010dn\u011b k 1. dni kalend\u00e1\u0159n\u00edho pololet\u00ed a mus\u00ed b\u00fdt dodr\u017een term\u00edn pod\u00e1n\u00ed p\u0159ihl\u00e1\u0161ky \u2013 tedy pod\u00e1n\u00ed v pr\u016fb\u011bhu kalend\u00e1\u0159n\u00edho pololet\u00ed bezprost\u0159edn\u011b p\u0159edch\u00e1zej\u00edc\u00edho tomu, ve kter\u00e9m m\u00e1 ke zm\u011bn\u011b zdravotn\u00ed poji\u0161\u0165ovny doj\u00edt, a z\u00e1rove\u0148 nejpozd\u011bji 3 m\u011bs\u00edce p\u0159ed po\u017eadovan\u00fdm dnem zm\u011bny. U d\u00edt\u011bte, kter\u00e9 se narod\u00ed v \u0159\u00edjnu, je tedy nejbli\u017e\u0161\u00ed mo\u017en\u00fd term\u00edn pro pod\u00e1n\u00ed p\u0159ihl\u00e1\u0161ky k jin\u00e9 poji\u0161\u0165ovn\u011b od 1. 1. do 31. 3. p\u0159\u00ed\u0161t\u00edho roku a ke zm\u011bn\u011b poji\u0161\u0165ovny pak dojde k 1. 7.<\/p>\n<p>Novorozen\u00e9 d\u00edt\u011b se &#8222;ze z\u00e1kona&#8220; st\u00e1v\u00e1 poji\u0161t\u011bncem t\u00e9 zdravotn\u00ed poji\u0161\u0165ovny, u n\u00ed\u017e je poji\u0161t\u011bna jeho matka v den porodu. P\u0159ipom\u00edn\u00e1me, \u017ee d\u00edt\u011b je jeho z\u00e1konn\u00fd z\u00e1stupce, opatrovn\u00edk nebo poru\u010dn\u00edk povinen p\u0159ihl\u00e1sit k p\u0159\u00edslu\u0161n\u00e9 zdravotn\u00ed poji\u0161\u0165ovn\u011b do 8 dn\u016f po narozen\u00ed. Jen nen\u00ed-li matka poji\u0161t\u011bna v \u010cR podle z\u00e1kona o ve\u0159ejn\u00e9m zdravotn\u00edm poji\u0161t\u011bn\u00ed, ozn\u00e1m\u00ed z\u00e1konn\u00fd z\u00e1stupce, opatrovn\u00edk nebo poru\u010dn\u00edk d\u00edt\u011bte jeho narozen\u00ed t\u00e9 zdravotn\u00ed poji\u0161\u0165ovn\u011b, u kter\u00e9 je poji\u0161t\u011bn otec d\u00edt\u011bte v den jeho narozen\u00ed.<\/p>\n<p>Zm\u011bnu zdravotn\u00ed poji\u0161\u0165ovny d\u00edt\u011bte mohou jeho z\u00e1konn\u00ed z\u00e1stupci prov\u00e9st, a\u017e kdy\u017e m\u00e1 d\u00edt\u011b p\u0159id\u011blen\u00e9 rodn\u00e9 \u010d\u00edslo, a to ke dni stanoven\u00e9mu z\u00e1konem \u2013 to znamen\u00e1 k 1. dni kalend\u00e1\u0159n\u00edho pololet\u00ed. Spolu s t\u00edm plat\u00ed, \u017ee i v tomto p\u0159\u00edpad\u011b je mo\u017eno p\u0159ihl\u00e1\u0161ku k jin\u00e9 poji\u0161\u0165ovn\u011b podat jen v b\u011b\u017en\u00fdch p\u0159eregistra\u010dn\u00edch term\u00ednech, tj. v obdob\u00ed od 1. ledna do 31. b\u0159ezna (p\u0159i zm\u011bn\u011b poji\u0161\u0165ovny k 1. \u010dervenci dan\u00e9ho kalend\u00e1\u0159n\u00edho roku) a od 1. \u010dervence do 30. z\u00e1\u0159\u00ed (p\u0159i zm\u011bn\u011b poji\u0161\u0165ovny k 1. lednu roku n\u00e1sleduj\u00edc\u00edho). V obdob\u00ed od 1. dubna do 30. \u010dervna a od 1. \u0159\u00edjna do 31. prosince nelze p\u0159ihl\u00e1\u0161ky podat. M\u016f\u017eete ale kdykoli pou\u017e\u00edt n\u00e1\u0161 webov\u00fd formul\u00e1\u0159 pro p\u0159eregistraci, na jeho\u017e z\u00e1klad\u011b v\u00e1s budeme kontaktovat a v\u010das v\u00e1m u\u017e p\u0159edvypln\u011bn\u00fd formul\u00e1\u0159 p\u0159ihl\u00e1\u0161ky za\u0161leme. Opat\u0159en\u00fd podpisem ho pak v nejbli\u017e\u0161\u00edm p\u0159eregistra\u010dn\u00edm term\u00ednu doru\u010d\u00edte poji\u0161\u0165ovn\u011b.<\/p>\n","protected":false},"excerpt":{"rendered":"<div class=\"mh-excerpt\"><p>OT\u00c1ZKA : Cht\u011bli bychom na\u0161e d\u00edt\u011b, kter\u00e9 se narod\u00ed v \u0159\u00edjnu, nechat co nejd\u0159\u00edv p\u0159eregistrovat k VZP. Man\u017eelka si p\u0159ihl\u00e1\u0161ku u\u017e v l\u00e9t\u011b podala a <a class=\"mh-excerpt-more\" href=\"https:\/\/www.invarena.cz\/?p=30015\" title=\"Jak p\u0159ehl\u00e1sit novorozence k jin\u00e9 zdravotn\u00ed poji\u0161\u0165ovn\u011b?\">[&#8230;]<\/a><\/p>\n<\/div>","protected":false},"author":1,"featured_media":28098,"comment_status":"open","ping_status":"closed","sticky":false,"template":"","format":"standard","meta":{"footnotes":""},"categories":[9],"tags":[],"class_list":["post-30015","post","type-post","status-publish","format-standard","has-post-thumbnail","hentry","category-zpravy"],"_links":{"self":[{"href":"https:\/\/www.invarena.cz\/index.php?rest_route=\/wp\/v2\/posts\/30015","targetHints":{"allow":["GET"]}}],"collection":[{"href":"https:\/\/www.invarena.cz\/index.php?rest_route=\/wp\/v2\/posts"}],"about":[{"href":"https:\/\/www.invarena.cz\/index.php?rest_route=\/wp\/v2\/types\/post"}],"author":[{"embeddable":true,"href":"https:\/\/www.invarena.cz\/index.php?rest_route=\/wp\/v2\/users\/1"}],"replies":[{"embeddable":true,"href":"https:\/\/www.invarena.cz\/index.php?rest_route=%2Fwp%2Fv2%2Fcomments&post=30015"}],"version-history":[{"count":0,"href":"https:\/\/www.invarena.cz\/index.php?rest_route=\/wp\/v2\/posts\/30015\/revisions"}],"wp:featuredmedia":[{"embeddable":true,"href":"https:\/\/www.invarena.cz\/index.php?rest_route=\/wp\/v2\/media\/28098"}],"wp:attachment":[{"href":"https:\/\/www.invarena.cz\/index.php?rest_route=%2Fwp%2Fv2%2Fmedia&parent=30015"}],"wp:term":[{"taxonomy":"category","embeddable":true,"href":"https:\/\/www.invarena.cz\/index.php?rest_route=%2Fwp%2Fv2%2Fcategories&post=30015"},{"taxonomy":"post_tag","embeddable":true,"href":"https:\/\/www.invarena.cz\/index.php?rest_route=%2Fwp%2Fv2%2Ftags&post=30015"}],"curies":[{"name":"wp","href":"https:\/\/api.w.org\/{rel}","templated":true}]}}