{"id":30031,"date":"2018-01-19T17:48:47","date_gmt":"2018-01-19T16:48:47","guid":{"rendered":"http:\/\/www.invarena.cz\/?p=30031"},"modified":"2018-01-19T17:48:47","modified_gmt":"2018-01-19T16:48:47","slug":"k-lekari-lidi-dopravi-seniorbus","status":"publish","type":"post","link":"https:\/\/www.invarena.cz\/?p=30031","title":{"rendered":"K l\u00e9ka\u0159i lidi doprav\u00ed Seniorbus"},"content":{"rendered":"<p><strong>Pomoci senior\u016fm s dopravou na n\u00e1kup, k l\u00e9ka\u0159i anebo na \u00fa\u0159ad se rozhodla a\u0161sk\u00e1 radnice. Proto od za\u010d\u00e1tku leto\u0161n\u00edho roku jezd\u00ed v ulic\u00edch m\u011bsta takzvan\u00fd Seniorbus. Aby mohli senio\u0159i slu\u017ebu vyu\u017e\u00edvat, musej\u00ed si za\u017e\u00e1dat o speci\u00e1ln\u00ed pr\u016fkaz na Odboru soci\u00e1ln\u00edch v\u011bc\u00ed a zdravotnictv\u00ed M\u011bstsk\u00e9ho \u00fa\u0159adu v A\u0161i.<\/strong> <!--more--><\/p>\n<p>A\u0161 \u2013 &#8222;V A\u0161i jsme pro slu\u017ebu Seniorbusu po\u0159\u00eddili osmim\u00edstn\u00e9 vozidlo Peugeot Boxer Combi, kter\u00e9 bude p\u0159ev\u00e1\u017eet seniory nad 65 let a osoby se zdravotn\u00edm posti\u017een\u00edm k l\u00e9ka\u0159i, za n\u00e1kupy, kulturou, na \u00fa\u0159ady, prost\u011b tam, kam si v r\u00e1mci \u00fazem\u00ed m\u011bsta a jeho m\u00edstn\u00edch \u010d\u00e1st\u00ed budou tito klienti p\u0159\u00e1t,&#8220; vysv\u011btlil mluv\u010d\u00ed M\u011bstsk\u00e9ho \u00fa\u0159adu v A\u0161i Milan Vrbata.<\/p>\n<p>&#8222;Nov\u00e9 vozidlo, pro kter\u00e9 se v\u017eil n\u00e1zev Seniorbus, bude obsluhovat pracovn\u00edk m\u011bsta, za\u0159azen\u00fd v organiza\u010dn\u00ed struktu\u0159e pod m\u011bstskou policii,&#8220; poznamenal.<\/p>\n<p>Klientem ve\u0159ejn\u00e9 slu\u017eby Seniorbus m\u016f\u017ee b\u00fdt jen dr\u017eitel pr\u016fkazu, kter\u00fd mu vystav\u00ed Odbor soci\u00e1ln\u00edch v\u011bc\u00ed a zdravotnictv\u00ed M\u011bstsk\u00e9ho \u00fa\u0159adu v A\u0161i, ten s\u00eddl\u00ed v budov\u011b v Kamenn\u00e9 ulici.<\/p>\n<p>&#8222;Podm\u00ednkou pro z\u00edsk\u00e1n\u00ed pr\u016fkazu je trval\u00e9 bydli\u0161t\u011b v A\u0161i nebo v jeho m\u00edstn\u00edch \u010d\u00e1stech Mok\u0159iny, Vern\u00e9\u0159ov, Doln\u00ed Paseky, Horn\u00ed Paseky, Kopaniny, Doubrava, Nebesa a Nov\u00fd \u017d\u010f\u00e1r a v\u011bk nad 65 let. Tato v\u011bkov\u00e1 hranice neplat\u00ed u osob se zdravotn\u00edm posti\u017een\u00edm. Co\u017e jsou dr\u017eitel\u00e9 pr\u016fkaz\u016f ZTP a ZTP\/P, pro kter\u00e9 je slu\u017eba rovn\u011b\u017e z\u0159izov\u00e1na. I tito klienti si ale mus\u00ed vy\u0159\u00eddit na odboru soci\u00e1ln\u00edch v\u011bc\u00ed a zdravotnictv\u00ed speci\u00e1ln\u00ed pr\u016fkaz pro slu\u017ebu Seniorbusu,&#8220; upozornil \u0159\u00edd\u00edc\u00ed M\u011bstsk\u00e9 policie v A\u0161i Richard Kos\u00edk.<\/p>\n<p>Klient zaplat\u00ed jednotnou cenu 20 korun, stejn\u011b jako doprovod v p\u0159\u00edpad\u011b dr\u017eitel\u016f pr\u016fkazu ZTP, a to p\u0159i ka\u017ed\u00e9m n\u00e1stupu do vozidla.<\/p>\n<p>Cena je stejn\u00e1 pro j\u00edzdu po A\u0161i i do m\u00edstn\u00edch \u010d\u00e1st\u00ed. Doprovod dr\u017eitele pr\u016fkazu ZTP\/P nehrad\u00ed nic. \u0158idi\u010d klientovi vystav\u00ed potvrzen\u00ed. Lid\u00e9 by nem\u011bli rad\u011bji do Seniorbusu m\u00ed\u0159it s pap\u00edrov\u00fdmi bankovkami, ale s mincemi v hodnot\u011b dvaceti korun. Dal\u0161\u00ed informace k tomuto projektu jsou k dispozici i na \u00fa\u0159edn\u00edch desk\u00e1ch m\u011bstsk\u00e9ho \u00fa\u0159adu, anebo v \u010dek\u00e1rn\u00e1ch l\u00e9ka\u0159\u016f.<\/p>\n<p>Chebsk\u00fd den\u00edk<br \/>\n<a href=\"http:\/\/chebsky.denik.cz\/\">http:\/\/chebsky.denik.cz\/<\/a><\/p>\n","protected":false},"excerpt":{"rendered":"<div class=\"mh-excerpt\"><p>Pomoci senior\u016fm s dopravou na n\u00e1kup, k l\u00e9ka\u0159i anebo na \u00fa\u0159ad se rozhodla a\u0161sk\u00e1 radnice. Proto od za\u010d\u00e1tku leto\u0161n\u00edho roku jezd\u00ed v ulic\u00edch m\u011bsta takzvan\u00fd <a class=\"mh-excerpt-more\" href=\"https:\/\/www.invarena.cz\/?p=30031\" title=\"K l\u00e9ka\u0159i lidi doprav\u00ed Seniorbus\">[&#8230;]<\/a><\/p>\n<\/div>","protected":false},"author":1,"featured_media":0,"comment_status":"open","ping_status":"closed","sticky":false,"template":"","format":"standard","meta":{"footnotes":""},"categories":[9],"tags":[],"class_list":["post-30031","post","type-post","status-publish","format-standard","hentry","category-zpravy"],"_links":{"self":[{"href":"https:\/\/www.invarena.cz\/index.php?rest_route=\/wp\/v2\/posts\/30031","targetHints":{"allow":["GET"]}}],"collection":[{"href":"https:\/\/www.invarena.cz\/index.php?rest_route=\/wp\/v2\/posts"}],"about":[{"href":"https:\/\/www.invarena.cz\/index.php?rest_route=\/wp\/v2\/types\/post"}],"author":[{"embeddable":true,"href":"https:\/\/www.invarena.cz\/index.php?rest_route=\/wp\/v2\/users\/1"}],"replies":[{"embeddable":true,"href":"https:\/\/www.invarena.cz\/index.php?rest_route=%2Fwp%2Fv2%2Fcomments&post=30031"}],"version-history":[{"count":0,"href":"https:\/\/www.invarena.cz\/index.php?rest_route=\/wp\/v2\/posts\/30031\/revisions"}],"wp:attachment":[{"href":"https:\/\/www.invarena.cz\/index.php?rest_route=%2Fwp%2Fv2%2Fmedia&parent=30031"}],"wp:term":[{"taxonomy":"category","embeddable":true,"href":"https:\/\/www.invarena.cz\/index.php?rest_route=%2Fwp%2Fv2%2Fcategories&post=30031"},{"taxonomy":"post_tag","embeddable":true,"href":"https:\/\/www.invarena.cz\/index.php?rest_route=%2Fwp%2Fv2%2Ftags&post=30031"}],"curies":[{"name":"wp","href":"https:\/\/api.w.org\/{rel}","templated":true}]}}