{"id":30032,"date":"2018-01-19T17:53:19","date_gmt":"2018-01-19T16:53:19","guid":{"rendered":"http:\/\/www.invarena.cz\/?p=30032"},"modified":"2018-01-19T17:53:19","modified_gmt":"2018-01-19T16:53:19","slug":"rodicum-postizenych-deti-muze-pomoci-prispevek","status":"publish","type":"post","link":"https:\/\/www.invarena.cz\/?p=30032","title":{"rendered":"Rodi\u010d\u016fm posti\u017een\u00fdch d\u011bt\u00ed m\u016f\u017ee pomoci p\u0159\u00edsp\u011bvek"},"content":{"rendered":"<p><strong>Rodi\u010de nebo p\u011bstouni, kte\u0159\u00ed pe\u010duj\u00ed o t\u011blesn\u011b handicapovan\u00e9 d\u00edt\u011b, mohou v tomto roce po\u017e\u00e1dat m\u011bsto Sokolov o jednor\u00e1zov\u00fd p\u0159\u00edsp\u011bvek na p\u00e9\u010di. Ten bude ve v\u00fd\u0161i 5 nebo 10 tis\u00edc korun, dle stupn\u011b posti\u017een\u00ed d\u00edt\u011bte.<\/strong> <!--more--><\/p>\n<p>Sokolov \u2013 Jednor\u00e1zov\u00fd p\u0159\u00edsp\u011bvek se bude vypl\u00e1cet jednou za rok. M\u011bsto si na n\u011bj vy\u010dlenilo p\u0159es \u010dtvrt milionu korun.<\/p>\n<p>&#8222;V Sokolov\u011b by se podle na\u0161ich \u00fadaj\u016f m\u011blo jednat o 39 d\u011bt\u00ed. Pro leto\u0161n\u00ed rok jsme si pro n\u011b p\u0159ipravili \u010d\u00e1stku 255 tis\u00edc korun. Jde o finan\u010dn\u00ed pomoc rodin\u00e1m na kompenza\u010dn\u00ed \u010di rehabilita\u010dn\u00ed pom\u016fcky, ozdravn\u00e9 pobyty a jin\u00e9,&#8220; \u0159\u00edk\u00e1 m\u00edstostarostka Sokolova Renata Oulehlov\u00e1.<\/p>\n<p>D\u011bti za\u0159azen\u00e9 do 3. stupn\u011b mohou z\u00edskat p\u0159\u00edsp\u011bvek ve v\u00fd\u0161i p\u011bti tis\u00edc, ve 4. stupni pak deset tis\u00edc korun. &#8222;Zn\u00e1me slo\u017eit\u00e1 jedn\u00e1n\u00ed s poji\u0161\u0165ovnami, sb\u00edr\u00e1me v\u00ed\u010dka, hrajeme charitativn\u00ed z\u00e1pasy. M\u011bsto chce proto rodi\u010d\u016fm alespo\u0148 trochu uleh\u010dit u\u017e tak n\u00e1ro\u010dn\u00fd \u017eivot. Je to minimum, co pro n\u011b m\u016f\u017eeme ud\u011blat,&#8220; \u0159ekla Oulehlov\u00e1.<\/p>\n<p>Z\u00e1jemci o nov\u011b zaveden\u00fd p\u0159\u00edsp\u011bvek se mohou s p\u0159\u00edpadn\u00fdmi dotazy obracet na odbor soci\u00e1ln\u00edch v\u011bc\u00ed sokolovsk\u00e9 radnice.<\/p>\n<p>Chebsk\u00fd den\u00edk<br \/>\n<a href=\"http:\/\/chebsky.denik.cz\/\">http:\/\/chebsky.denik.cz\/<\/a><\/p>\n","protected":false},"excerpt":{"rendered":"<div class=\"mh-excerpt\"><p>Rodi\u010de nebo p\u011bstouni, kte\u0159\u00ed pe\u010duj\u00ed o t\u011blesn\u011b handicapovan\u00e9 d\u00edt\u011b, mohou v tomto roce po\u017e\u00e1dat m\u011bsto Sokolov o jednor\u00e1zov\u00fd p\u0159\u00edsp\u011bvek na p\u00e9\u010di. Ten bude ve v\u00fd\u0161i <a class=\"mh-excerpt-more\" href=\"https:\/\/www.invarena.cz\/?p=30032\" title=\"Rodi\u010d\u016fm posti\u017een\u00fdch d\u011bt\u00ed m\u016f\u017ee pomoci p\u0159\u00edsp\u011bvek\">[&#8230;]<\/a><\/p>\n<\/div>","protected":false},"author":1,"featured_media":21454,"comment_status":"open","ping_status":"closed","sticky":false,"template":"","format":"standard","meta":{"footnotes":""},"categories":[9],"tags":[],"class_list":["post-30032","post","type-post","status-publish","format-standard","has-post-thumbnail","hentry","category-zpravy"],"_links":{"self":[{"href":"https:\/\/www.invarena.cz\/index.php?rest_route=\/wp\/v2\/posts\/30032","targetHints":{"allow":["GET"]}}],"collection":[{"href":"https:\/\/www.invarena.cz\/index.php?rest_route=\/wp\/v2\/posts"}],"about":[{"href":"https:\/\/www.invarena.cz\/index.php?rest_route=\/wp\/v2\/types\/post"}],"author":[{"embeddable":true,"href":"https:\/\/www.invarena.cz\/index.php?rest_route=\/wp\/v2\/users\/1"}],"replies":[{"embeddable":true,"href":"https:\/\/www.invarena.cz\/index.php?rest_route=%2Fwp%2Fv2%2Fcomments&post=30032"}],"version-history":[{"count":0,"href":"https:\/\/www.invarena.cz\/index.php?rest_route=\/wp\/v2\/posts\/30032\/revisions"}],"wp:featuredmedia":[{"embeddable":true,"href":"https:\/\/www.invarena.cz\/index.php?rest_route=\/wp\/v2\/media\/21454"}],"wp:attachment":[{"href":"https:\/\/www.invarena.cz\/index.php?rest_route=%2Fwp%2Fv2%2Fmedia&parent=30032"}],"wp:term":[{"taxonomy":"category","embeddable":true,"href":"https:\/\/www.invarena.cz\/index.php?rest_route=%2Fwp%2Fv2%2Fcategories&post=30032"},{"taxonomy":"post_tag","embeddable":true,"href":"https:\/\/www.invarena.cz\/index.php?rest_route=%2Fwp%2Fv2%2Ftags&post=30032"}],"curies":[{"name":"wp","href":"https:\/\/api.w.org\/{rel}","templated":true}]}}