{"id":30048,"date":"2018-01-23T20:25:36","date_gmt":"2018-01-23T19:25:36","guid":{"rendered":"http:\/\/www.invarena.cz\/?p=30048"},"modified":"2018-01-23T20:25:36","modified_gmt":"2018-01-23T19:25:36","slug":"vyroci-lekari-voperovali-dva-organy-soucasne","status":"publish","type":"post","link":"https:\/\/www.invarena.cz\/?p=30048","title":{"rendered":"V\u00fdro\u010d\u00ed. L\u00e9ka\u0159i voperovali dva org\u00e1ny sou\u010dasn\u011b"},"content":{"rendered":"<p><strong>Dvac\u00e1t\u00e9 v\u00fdro\u010d\u00ed prvn\u00ed kombinovan\u00e9 transplantace dvou org\u00e1n\u016f oslavila v\u010dera brn\u011bnsk\u00e1 Fakultn\u00ed nemocnice u svat\u00e9 Anny.<\/strong> <!--more--><\/p>\n<p>Brno \u2013 &#8222;Jako prvn\u00ed v republice uskute\u010dnil Jan \u010cern\u00fd z Centra kardiovaskul\u00e1rn\u00ed a transplanta\u010dn\u00ed chirurgie transplantaci srdce a ledviny sou\u010dasn\u011b,&#8220; up\u0159esnila Alv\u00e9ra Maz\u00e1\u010dov\u00e1 z Internetov\u00e9 encyklopedie d\u011bjin Brna.<\/p>\n<p>Dev\u011btapades\u00e1tilet\u00e1 pacientka tehdy trp\u011bla z\u00e1va\u017enou srde\u010dn\u00ed chorobou. M\u011bla tak\u00e9 t\u011b\u017ece posti\u017eenou funkci ledvin. &#8222;Transplantace pouze srdce by byla ne\u00fasp\u011b\u0161n\u00e1, v poopera\u010dn\u00edm stavu by ledviny selhaly,&#8220; vysv\u011btlila Maz\u00e1\u010dov\u00e1. \u017denu nakonec l\u00e9ka\u0159i operovali \u00fasp\u011b\u0161n\u011b a mohla odej\u00edt dom\u016f u\u017e po p\u011btat\u0159iceti dnech.<\/p>\n<p>Nejde o prvn\u00ed prim\u00e1t brn\u011bnsk\u00fdch l\u00e9ka\u0159\u016f. &#8222;V roce 1995 jsme v zemi poprv\u00e9 transplantovali srdce d\u00edt\u011bte. V roce 2005 se n\u00e1m poda\u0159ilo transplantovat t\u0159i org\u00e1ny sou\u010dasn\u011b. \u0160lo o srdce, j\u00e1tra a ledviny,&#8220; uvedl \u0159editel Centra transplanta\u010dn\u00ed a kardiovaskul\u00e1rn\u00ed chirurgie Petr N\u011bmec.<\/p>\n<p>Na dal\u0161\u00ed v\u00fdro\u010d\u00ed nemus\u00ed brn\u011bn\u0161t\u00ed chirurgov\u00e9 \u010dekat moc dlouho. U\u017e letos v \u00fanoru toti\u017e oslav\u00ed p\u011btat\u0159icet let od prvn\u00ed transplantace jater.<\/p>\n<p>Nej\u010derstv\u011bj\u0161\u00ed \u00fasp\u011bch zaznamenali l\u00e9ka\u0159i z centra p\u0159ed dv\u011bma m\u011bs\u00edci. P\u0159i unik\u00e1tn\u00ed operaci odebrali ledviny d\u00e1rci se zastaven\u00fdm srdcem. &#8222;Podobn\u00e9 z\u00e1kroky se d\u011blaj\u00ed v p\u0159\u00edpad\u011b, kdy pacient nem\u00e1 \u0161anci p\u0159e\u017e\u00edt a z\u00e1rove\u0148 nen\u00ed mo\u017en\u00e9 prok\u00e1zat mozkovou smrt. Na ji\u017en\u00ed Morav\u011b jsme takto z\u00edskali org\u00e1n v\u016fbec poprv\u00e9,&#8220; informovala tehdy koordin\u00e1torka z\u00e1kroku Lenka Teleck\u00e1.<\/p>\n<p>&#8212;<\/p>\n<p>Chirurgick\u00e1 prvenstv\u00ed v Brn\u011b<\/p>\n<p>&#8211; Rok 1995: brn\u011bn\u0161t\u00ed l\u00e9ka\u0159i \u00fasp\u011b\u0161n\u011b provedli prvn\u00ed transplantaci srdce u mal\u00e9ho d\u00edt\u011bte v \u010cesk\u00e9 republice<br \/>\n&#8211; Rok 1998: transplantovali sou\u010dasn\u011b srdce i ledviny<br \/>\n&#8211; Rok 2005: brn\u011bn\u0161t\u00ed chirurgov\u00e9 provedli prvn\u00ed transplantaci t\u0159\u00ed org\u00e1n\u016f nar\u00e1z \u2013 \u0161lo o srdce, j\u00e1tra a ledviny<br \/>\n&#8211; Listopad 2017: poprv\u00e9 na ji\u017en\u00ed Morav\u011b transplantovali ledviny d\u00e1rci s nebij\u00edc\u00edm srdcem<\/p>\n<p>R\u016e\u017dENA MACH\u00c1LKOV\u00c1<br \/>\nBrn\u011bnsk\u00fd den\u00edk<br \/>\n<a href=\"http:\/\/brnensky.denik.cz\/\">http:\/\/brnensky.denik.cz\/<\/a><\/p>\n","protected":false},"excerpt":{"rendered":"<div class=\"mh-excerpt\"><p>Dvac\u00e1t\u00e9 v\u00fdro\u010d\u00ed prvn\u00ed kombinovan\u00e9 transplantace dvou org\u00e1n\u016f oslavila v\u010dera brn\u011bnsk\u00e1 Fakultn\u00ed nemocnice u svat\u00e9 Anny.<\/p>\n<\/div>","protected":false},"author":1,"featured_media":18804,"comment_status":"open","ping_status":"closed","sticky":false,"template":"","format":"standard","meta":{"footnotes":""},"categories":[9],"tags":[],"class_list":["post-30048","post","type-post","status-publish","format-standard","has-post-thumbnail","hentry","category-zpravy"],"_links":{"self":[{"href":"https:\/\/www.invarena.cz\/index.php?rest_route=\/wp\/v2\/posts\/30048","targetHints":{"allow":["GET"]}}],"collection":[{"href":"https:\/\/www.invarena.cz\/index.php?rest_route=\/wp\/v2\/posts"}],"about":[{"href":"https:\/\/www.invarena.cz\/index.php?rest_route=\/wp\/v2\/types\/post"}],"author":[{"embeddable":true,"href":"https:\/\/www.invarena.cz\/index.php?rest_route=\/wp\/v2\/users\/1"}],"replies":[{"embeddable":true,"href":"https:\/\/www.invarena.cz\/index.php?rest_route=%2Fwp%2Fv2%2Fcomments&post=30048"}],"version-history":[{"count":0,"href":"https:\/\/www.invarena.cz\/index.php?rest_route=\/wp\/v2\/posts\/30048\/revisions"}],"wp:featuredmedia":[{"embeddable":true,"href":"https:\/\/www.invarena.cz\/index.php?rest_route=\/wp\/v2\/media\/18804"}],"wp:attachment":[{"href":"https:\/\/www.invarena.cz\/index.php?rest_route=%2Fwp%2Fv2%2Fmedia&parent=30048"}],"wp:term":[{"taxonomy":"category","embeddable":true,"href":"https:\/\/www.invarena.cz\/index.php?rest_route=%2Fwp%2Fv2%2Fcategories&post=30048"},{"taxonomy":"post_tag","embeddable":true,"href":"https:\/\/www.invarena.cz\/index.php?rest_route=%2Fwp%2Fv2%2Ftags&post=30048"}],"curies":[{"name":"wp","href":"https:\/\/api.w.org\/{rel}","templated":true}]}}