{"id":30074,"date":"2018-01-29T16:53:44","date_gmt":"2018-01-29T15:53:44","guid":{"rendered":"http:\/\/www.invarena.cz\/?p=30074"},"modified":"2018-01-29T16:53:44","modified_gmt":"2018-01-29T15:53:44","slug":"nizka-ucast-postizeni-z-domova-k-urne-nechodi","status":"publish","type":"post","link":"https:\/\/www.invarena.cz\/?p=30074","title":{"rendered":"N\u00edzk\u00e1 \u00fa\u010dast? Posti\u017een\u00ed z domova k urn\u011b nechod\u00ed"},"content":{"rendered":"<p><strong>Tradi\u010dn\u011b velmi n\u00edzkou volebn\u00ed \u00fa\u010dast m\u011bla Anensk\u00e1 Stud\u00e1nka na Orlicko\u00fastecku. Ve druh\u00e9m kole prezidentsk\u00fdch voleb p\u0159i\u0161lo k urn\u011b jen 44,37 procenta voli\u010d\u016f.<\/strong> <!--more--><\/p>\n<p>Anensk\u00e1 Stud\u00e1nka \u2013 M\u00e1 to sv\u00e9 d\u016fvody. &#8222;Nen\u00ed to t\u00edm, \u017ee by nebyl z\u00e1jem. N\u00edzk\u00e1 \u00fa\u010dast v na\u0161\u00ed obci je v\u00fdrazn\u011b ovlivn\u011bna t\u00edm, \u017ee se zde nach\u00e1z\u00ed domov pro posti\u017een\u00e9, ve kter\u00e9m je hl\u00e1\u0161eno k trval\u00e9mu pobytu 54 ob\u010dan\u016f. Tito lid\u00e9 jsou ment\u00e1ln\u011b i fyzicky posti\u017een\u00ed,&#8220; \u0159\u00edk\u00e1 starosta Jaroslav Paar.<\/p>\n<p>P\u0159ed novelou ob\u010dansk\u00e9ho z\u00e1kon\u00edku byla v\u011bt\u0161ina z nich zbavena zp\u016fsobilosti, a to i ve vztahu k volebn\u00edmu pr\u00e1vu. &#8222;S novou pr\u00e1vn\u00ed \u00fapravou jsou v\u0161ichni omezeni ve sv\u00e9pr\u00e1vnosti a automaticky se ru\u0161\u00ed p\u0159ek\u00e1\u017eka volebn\u00edho pr\u00e1va,&#8220; vysv\u011btluje Jaroslav Paar. Pokud by v Anensk\u00e9 Stud\u00e1nce nepo\u010d\u00edtali obyvatele domova, m\u011bli by \u00fa\u010dast p\u0159es 60 procent.<\/p>\n<p>Chrudimsk\u00fd den\u00edk<br \/>\n<a href=\"http:\/\/chrudimsky.denik.cz\/\">http:\/\/chrudimsky.denik.cz\/<\/a><\/p>\n","protected":false},"excerpt":{"rendered":"<div class=\"mh-excerpt\"><p>Tradi\u010dn\u011b velmi n\u00edzkou volebn\u00ed \u00fa\u010dast m\u011bla Anensk\u00e1 Stud\u00e1nka na Orlicko\u00fastecku. Ve druh\u00e9m kole prezidentsk\u00fdch voleb p\u0159i\u0161lo k urn\u011b jen 44,37 procenta voli\u010d\u016f.<\/p>\n<\/div>","protected":false},"author":1,"featured_media":12014,"comment_status":"open","ping_status":"closed","sticky":false,"template":"","format":"standard","meta":{"footnotes":""},"categories":[9],"tags":[],"class_list":["post-30074","post","type-post","status-publish","format-standard","has-post-thumbnail","hentry","category-zpravy"],"_links":{"self":[{"href":"https:\/\/www.invarena.cz\/index.php?rest_route=\/wp\/v2\/posts\/30074","targetHints":{"allow":["GET"]}}],"collection":[{"href":"https:\/\/www.invarena.cz\/index.php?rest_route=\/wp\/v2\/posts"}],"about":[{"href":"https:\/\/www.invarena.cz\/index.php?rest_route=\/wp\/v2\/types\/post"}],"author":[{"embeddable":true,"href":"https:\/\/www.invarena.cz\/index.php?rest_route=\/wp\/v2\/users\/1"}],"replies":[{"embeddable":true,"href":"https:\/\/www.invarena.cz\/index.php?rest_route=%2Fwp%2Fv2%2Fcomments&post=30074"}],"version-history":[{"count":0,"href":"https:\/\/www.invarena.cz\/index.php?rest_route=\/wp\/v2\/posts\/30074\/revisions"}],"wp:featuredmedia":[{"embeddable":true,"href":"https:\/\/www.invarena.cz\/index.php?rest_route=\/wp\/v2\/media\/12014"}],"wp:attachment":[{"href":"https:\/\/www.invarena.cz\/index.php?rest_route=%2Fwp%2Fv2%2Fmedia&parent=30074"}],"wp:term":[{"taxonomy":"category","embeddable":true,"href":"https:\/\/www.invarena.cz\/index.php?rest_route=%2Fwp%2Fv2%2Fcategories&post=30074"},{"taxonomy":"post_tag","embeddable":true,"href":"https:\/\/www.invarena.cz\/index.php?rest_route=%2Fwp%2Fv2%2Ftags&post=30074"}],"curies":[{"name":"wp","href":"https:\/\/api.w.org\/{rel}","templated":true}]}}