{"id":30186,"date":"2018-02-19T11:26:51","date_gmt":"2018-02-19T10:26:51","guid":{"rendered":"http:\/\/www.invarena.cz\/?p=30186"},"modified":"2018-02-19T11:26:51","modified_gmt":"2018-02-19T10:26:51","slug":"mladi-praktici-se-ocitnou-v-kuzi-senioru","status":"publish","type":"post","link":"https:\/\/www.invarena.cz\/?p=30186","title":{"rendered":"Mlad\u00ed praktici se ocitnou v k\u016f\u017ei senior\u016f"},"content":{"rendered":"<p><strong>Do k\u016f\u017ee seniora se navl\u00e9kli mlad\u00ed l\u00e9ka\u0159i, kte\u0159\u00ed se sjeli do Brna na Praktickou konferenci pro praktick\u00e9 l\u00e9ka\u0159e. V\u00a0r\u00e1mci jednoho z\u00a0workshop\u016f se <\/strong><strong>ob<\/strong><strong>l\u00e9kli do speci\u00e1ln\u00edch <\/strong><strong>od\u011bv\u016f<\/strong><strong>, kter\u00e9 simuluj\u00ed jednotliv\u00e9 degenerativn\u00ed obt\u00ed\u017ee u star\u0161\u00edch lid\u00ed. V\u00a0t\u011bchto oblec\u00edch se pokusili nap\u0159\u00edklad vyj\u00edt schody, \u010di manipulovat s\u00a0drobn\u00fdmi p\u0159edm\u011bty. Simulace st\u00e1\u0159\u00ed je jedn\u00edm z\u00a0bod\u016f programu konference, kter\u00e1 m\u00e1 dle slov organiz\u00e1tor\u016f pomoci \u00fa\u010dastn\u00edk\u016fm st\u00e1t se lep\u0161\u00edm l\u00e9ka\u0159em. <\/strong><!--more--><\/p>\n<p>L\u00e9ka\u0159i, za nimi\u017e se ned\u00e1vno zav\u0159ely dve\u0159e l\u00e9ka\u0159sk\u00fdch fakult, svolali praktickou konferenci do Brna u\u017e po t\u0159et\u00ed, cht\u011bj\u00ed se u\u010dit od zku\u0161en\u011bj\u0161\u00edch koleg\u016f a p\u0159edat si navz\u00e1jem zku\u0161enosti s\u00a0prax\u00ed ve sv\u00fdch ordinac\u00edch<em>. \u201eS na\u0161imi mlad\u00fdmi kolegy probereme nap\u0159\u00edklad p\u0159ed\u00e1v\u00e1n\u00ed prax\u00ed. Cht\u011bli bychom je dostat do m\u00edst, kde star\u0161\u00ed l\u00e9ka\u0159i kon\u010d\u00ed a pot\u0159ebuj\u00ed n\u00e1sledovn\u00edky, kte\u0159\u00ed by p\u00e9\u010di o jejich pacienty p\u0159ebrali. Mlad\u00ed l\u00e9ka\u0159i by m\u011bli zn\u00e1t situaci kolem voln\u00fdch prax\u00ed v\u00a0cel\u00e9 republice, a ne pouze v\u00a0jejich bezprost\u0159edn\u00edm okol\u00ed,\u201c<\/em> \u0159\u00edk\u00e1 p\u0159edseda Sdru\u017een\u00ed praktick\u00fdch l\u00e9ka\u0159\u016f MUDr. Petr \u0160onka.<\/p>\n<p>Na leto\u0161n\u00ed konferenci p\u0159ijeli stovky t\u011bch, kte\u0159\u00ed cht\u011bj\u00ed pro sv\u00e9 pacienty to nejlep\u0161\u00ed. Od specialist\u016f se dozv\u00ed nap\u0159\u00edklad jak ve sv\u00fdch ordinac\u00edch \u0159e\u0161it z\u00e1vislosti, dietu u diabetick\u00fdch pacient\u016f, zku\u0161enosti jim p\u0159ed\u00e1 kardiolog a o\u010dn\u00ed l\u00e9ka\u0159.<em> \u201eZ\u00e1\u0161titu nad konferenc\u00ed ji\u017e tradi\u010dn\u011b p\u0159evzala p\u0159ednostka geriatrick\u00e9\u00a0kliniky prof. MUDr. Hana Mat\u011bjovsk\u00e1 Kube\u0161ov\u00e1, CSc., kter\u00e1 n\u00e1s sezn\u00e1m\u00ed s\u00a0novinkami v\u00a0oblasti pitn\u00e9ho re\u017eimu.<\/em> <em>Host\u00edme i kandid\u00e1ta na prezidenta Pavla Fischera s\u00a0t\u00e9matem <\/em><em>Od antropologie p\u0159es diplomacii a\u017e k\u00a0etiket\u011b,\u201c <\/em>\u0159\u00edk\u00e1 p\u0159edsedkyn\u011b Mlad\u00fdch praktik\u016f MUDr. Mark\u00e9ta Pfeiferov\u00e1. D\u016fraz na star\u0161\u00ed pacienty nen\u00ed podle Pfeiferov\u00e9 n\u00e1hodn\u00fd. Populace st\u00e1rne, zvy\u0161uje se pr\u016fm\u011brn\u00fd v\u011bk do\u017eit\u00ed, a t\u00edm i pom\u011br star\u0161\u00edch pacient\u016f ordinac\u00edch. <em>\u201eMus\u00edme um\u011bt se seniory pracovat a nap\u0159\u00edklad simula\u010dn\u00ed modely n\u00e1m pomohou za\u017e\u00edt situace denn\u00edho \u017eivota &#8222;v k\u016f\u017ei&#8220; star\u0161\u00edho \u010dlov\u011bka. L\u00e9pe tak pochop\u00edme bari\u00e9ry a n\u00e1strahy, kter\u00e9 star\u0161\u00edm lidem komplikuj\u00ed \u017eivot, a na kter\u00e9 my v nejr\u016fzn\u011bj\u0161\u00edch doporu\u010den\u00edch \u010dasto zapom\u00edn\u00e1me. N\u011bkter\u00e9 na\u0161e dob\u0159e m\u00edn\u011bn\u00e9 rady jsou pak pro n\u011b t\u00e9m\u011b\u0159 neprovediteln\u00e9.\u00a0Kdy\u017e nap\u0159\u00edklad rad\u00edme pacientovi s\u00a0parkinsonsk\u00fd<\/em><em>m<\/em><em> syndrom<\/em><em>em<\/em><em>, aby dostate\u010dn\u011b pil, mus\u00edme br\u00e1t z\u0159etel na to, \u017ee si obt\u00ed\u017en\u011b otev\u0159e l\u00e1hev, nebo nem\u016f\u017ee dr\u017eet sklenici s\u00a0vodou,\u201c <\/em>vysv\u011btluje Pfeiferov\u00e1.<\/p>\n<p>L\u00e9ka\u0159i diskutovali i o tom, jak by m\u011bly vypadat preventivn\u00ed prohl\u00eddky. <em>\u201eV jejich r\u00e1mci bychom se m\u011bli nap\u0159\u00edklad zam\u011b\u0159it na to, zda pacient nem\u00e1 depresi. Pokud je nemoc odhalena v\u00a0po\u010d\u00e1tku, p\u0159edch\u00e1z\u00edme jej\u00edmu mnohdy fat\u00e1ln\u00edmu rozvoji. Odhadem 10 % pacient\u016f, kte\u0159\u00ed do ordinace p\u0159ijdou s\u00a0jin\u00fdm zdravotn\u00edm probl\u00e9mem, depres\u00ed trp\u00ed,\u201c <\/em>komentuje MUDr. Vladim\u00edr Marek z\u00a0brn\u011bnsk\u00e9 ordinace FamilyMed.<\/p>\n<p>&nbsp;<\/p>\n<p><strong>\u00a0<\/strong><\/p>\n<p>&nbsp;<\/p>\n<p>&nbsp;<\/p>\n","protected":false},"excerpt":{"rendered":"<div class=\"mh-excerpt\"><p>Do k\u016f\u017ee seniora se navl\u00e9kli mlad\u00ed l\u00e9ka\u0159i, kte\u0159\u00ed se sjeli do Brna na Praktickou konferenci pro praktick\u00e9 l\u00e9ka\u0159e. V\u00a0r\u00e1mci jednoho z\u00a0workshop\u016f se obl\u00e9kli do speci\u00e1ln\u00edch <a class=\"mh-excerpt-more\" href=\"https:\/\/www.invarena.cz\/?p=30186\" title=\"Mlad\u00ed praktici se ocitnou v k\u016f\u017ei senior\u016f\">[&#8230;]<\/a><\/p>\n<\/div>","protected":false},"author":1,"featured_media":0,"comment_status":"open","ping_status":"closed","sticky":false,"template":"","format":"standard","meta":{"footnotes":""},"categories":[9],"tags":[],"class_list":["post-30186","post","type-post","status-publish","format-standard","hentry","category-zpravy"],"_links":{"self":[{"href":"https:\/\/www.invarena.cz\/index.php?rest_route=\/wp\/v2\/posts\/30186","targetHints":{"allow":["GET"]}}],"collection":[{"href":"https:\/\/www.invarena.cz\/index.php?rest_route=\/wp\/v2\/posts"}],"about":[{"href":"https:\/\/www.invarena.cz\/index.php?rest_route=\/wp\/v2\/types\/post"}],"author":[{"embeddable":true,"href":"https:\/\/www.invarena.cz\/index.php?rest_route=\/wp\/v2\/users\/1"}],"replies":[{"embeddable":true,"href":"https:\/\/www.invarena.cz\/index.php?rest_route=%2Fwp%2Fv2%2Fcomments&post=30186"}],"version-history":[{"count":0,"href":"https:\/\/www.invarena.cz\/index.php?rest_route=\/wp\/v2\/posts\/30186\/revisions"}],"wp:attachment":[{"href":"https:\/\/www.invarena.cz\/index.php?rest_route=%2Fwp%2Fv2%2Fmedia&parent=30186"}],"wp:term":[{"taxonomy":"category","embeddable":true,"href":"https:\/\/www.invarena.cz\/index.php?rest_route=%2Fwp%2Fv2%2Fcategories&post=30186"},{"taxonomy":"post_tag","embeddable":true,"href":"https:\/\/www.invarena.cz\/index.php?rest_route=%2Fwp%2Fv2%2Ftags&post=30186"}],"curies":[{"name":"wp","href":"https:\/\/api.w.org\/{rel}","templated":true}]}}