{"id":30190,"date":"2018-02-20T20:12:31","date_gmt":"2018-02-20T19:12:31","guid":{"rendered":"http:\/\/www.invarena.cz\/?p=30190"},"modified":"2018-02-20T20:16:36","modified_gmt":"2018-02-20T19:16:36","slug":"tata-nemluvi-nevidi-nechodi","status":"publish","type":"post","link":"https:\/\/www.invarena.cz\/?p=30190","title":{"rendered":"T\u00e1ta nemluv\u00ed, nevid\u00ed, nechod\u00ed"},"content":{"rendered":"<p><strong>Jedna r\u00e1na no\u017eem nav\u017edy poznamenala \u017eivot mlad\u00e9ho mu\u017ee a fat\u00e1ln\u011b zas\u00e1hla i do osudu jeho bl\u00edzk\u00fdch. <\/strong><!--more--><\/p>\n<p>Jana Petru\u017e\u00e1lkov\u00e1 tr\u00e9novan\u00fdmi pohyby manipuluje se synem na polohovac\u00ed posteli. Dvaat\u0159icetilet\u00fd Marek ob\u00fdv\u00e1 s rodi\u010di byt ve \u010dtvrt\u00e9m pat\u0159e jednoho ze znojemsk\u00fdch panel\u00e1k\u016f. Na o\u010d\u00edch m\u00e1 br\u00fdle, proto\u017ee je d\u0159\u00edv nosil. Te\u010f u\u017e jsou jen &#8222;na par\u00e1du&#8220;. Mlad\u00edk toti\u017e nevid\u00ed, nemluv\u00ed ani nechod\u00ed. U\u017e p\u00e1t\u00fd rok.<br \/>\n&#8222;V prvn\u00ed chv\u00edli jsme si \u0159\u00edkali, \u017ee by bylo pro v\u0161echny lep\u0161\u00ed, kdyby Marek nep\u0159e\u017eil. Ale stra\u0161n\u011b se zlep\u0161uje a jsme moc r\u00e1di, \u017ee tu s n\u00e1mi z\u016fstal,&#8220; usm\u00edv\u00e1 se matka. Jej\u00ed man\u017eel od spor\u00e1ku souhlasn\u011b p\u0159ikyvuje.<br \/>\n&#8222;Mare\u010dku, jak ta\u0165ka va\u0159\u00ed? Chutn\u00e1 ti, \u017ee?&#8220; pokra\u010duje v samomluv\u011b \u017eena. Pacient se za\u0161kleb\u00ed, mo\u017en\u00e1 se sna\u017e\u00ed o \u00fasm\u011bv. Na\u010de\u017e vyd\u00e1 n\u011bkolik nesrozumiteln\u00fdch zvuk\u016f.<br \/>\n&#8222;Zat\u00edm to nen\u00ed nic moc, ale cvi\u010d\u00edme s n\u00edm podle instrukc\u00ed logopedky. P\u0159edstavte si, \u017ee u\u017e \u0159ekne m\u00e1ma,&#8220; s p\u00fdchou podotkne \u017eena.<br \/>\nMnoh\u00e9ho rodi\u010de by p\u0159i pohledu na nadosmrti zmrza\u010den\u00e9 d\u00edt\u011b paralyzovala beznad\u011bj. P\u011btapades\u00e1tilet\u00e1 vyu\u010den\u00e1 obuvnice v\u0161ak v sob\u011b vydolovala nev\u00eddanou energii. <\/p>\n<p>Pachatel st\u00e1le unik\u00e1 <\/p>\n<p>Jedn\u00e9 noci p\u0159ed p\u011bti lety se jej\u00ed syn s kamar\u00e1dem vracel no\u010dn\u00ed ulic\u00ed z restaurace. Potkali dvojici mu\u017e\u016f po slovn\u00ed rozep\u0159i jeden z nich napadl Markova druha no\u017eem. Mlad\u00fd mu\u017e inkasoval sedm bodn\u00fdch ran.<br \/>\nMarek ho br\u00e1nil a z\u0159ejm\u011b mu i zachr\u00e1nil \u017eivot. Ten jeho se ale ve vte\u0159in\u011b zm\u011bnil. \u00dato\u010dn\u00edk ho no\u017eem zas\u00e1hl do krku, ztratil t\u0159i litry krve. Mozek z\u016fstal dlouho bez kysl\u00edku.<br \/>\nRodi\u010de dostali tu nejhor\u0161\u00ed zpr\u00e1vu. &#8222;Ve dv\u011b v noci n\u00e1s probudil telefon\u00e1t. Volal star\u0161\u00ed syn, a\u0165 rychle jedeme do nemocnice. Prvn\u00ed, co jsem uvid\u011bla, byl pytel zkrvaven\u00fdch \u0161at\u016f. Marka pr\u00e1v\u011b operovali. Doktor n\u00e1m ale rovnou \u0159ekl, \u017ee mu ned\u00e1v\u00e1 moc nad\u011bje na p\u0159e\u017eit\u00ed,&#8220; l\u00ed\u010d\u00ed Jana Petru\u017e\u00e1lkov\u00e1. <\/p>\n<p>\u00dato\u010dil Turek pracuj\u00edc\u00ed v Rakousku. Pachateli se poda\u0159ilo uprchnout. Eryilmazov B\u00fclent byl souzen v nep\u0159\u00edtomnosti a dostal 17 a p\u016fl roku. Byl na n\u011bj vyd\u00e1n evropsk\u00fd zatyka\u010d, ale slehla se po n\u011bm zem. Energick\u00e1 Jana Petru\u017e\u00e1lkov\u00e1 si dokonce najala pr\u00e1vni\u010dku z Brna, kter\u00e1 m\u00e1 akreditaci nahl\u00ed\u017eet do spis\u016f v Rakousku, aby zkusila vyp\u00e1trat jeho rodinu. Marn\u011b. <\/p>\n<p>&#8222;Stop Turk\u016fm ve Znojm\u011b&#8220; <\/p>\n<p>P\u0159\u00edpad tehdy vyvolal ve Znojm\u011b vlnu odporu v\u016f\u010di Turk\u016fm, kte\u0159\u00ed tam z Rakouska \u010dasto jezdili za levn\u011bj\u0161\u00ed z\u00e1bavou. Doln\u00ed konec m\u011bsta bl\u00edzko rakousk\u00fdch hranic je pln\u00fd no\u010dn\u00edch podnik\u016f a heren. Pohybovat se tam v noci b\u00fdv\u00e1 o strach. <\/p>\n<p>Lid\u00e9 podepisovali petici, na \u017eelezni\u010dn\u00edm most\u011b se objevil transparent &#8222;Stop Turk\u016fm ve Znojm\u011b&#8220;. Na demonstraci se v listopadu roku 2013 se\u0161lo p\u0159es dva tis\u00edce lid\u00ed. Ke shrom\u00e1\u017ed\u011bn\u00ed tehdy promluvil i Mark\u016fv star\u0161\u00ed bratr Ji\u0159\u00ed. <\/p>\n<p>Rodina ob\u011bti dok\u00e1zala v kritick\u00e9 situaci neoby\u010dejn\u00e9. Kdy\u017e Petru\u017e\u00e1lkovi dostali Marka z nemocnice dom\u016f, nev\u011bd\u011bli o jeho stavu zhola nic. Od l\u00e9ka\u0159\u016f usly\u0161eli diagn\u00f3zu &#8222;vigiln\u00ed k\u00f3ma&#8220;, co\u017e lze laicky p\u0159ibl\u00ed\u017eit slovy \u2013 ani \u017eiv\u00fd, ani mrtv\u00fd. Vy\u0161et\u0159en\u00ed na CT uk\u00e1zalo t\u011b\u017ece po\u0161kozen\u00fd mozek. Vypadalo to na \u00fastav. Rodi\u010de si v\u0161ak osvojili ve\u0161ker\u00e9 pe\u010dovatelsk\u00e9 \u00fakony v\u010detn\u011b krmen\u00ed sondou do \u017ealudku.<br \/>\nVe znojemsk\u00e9 nemocnici Markovi p\u0159edepsali asi 12 druh\u016f pr\u00e1\u0161k\u016f. Kdy\u017e mu pozd\u011bji jedna osv\u00edcen\u00e1 l\u00e9ka\u0159ka medikamenty v\u00fdrazn\u011b zredukovala, pacientovi to prosp\u011blo.<br \/>\nRodi\u010de museli za\u0159\u00eddit speci\u00e1ln\u00ed v\u00fdtah do patra, z\u00edskali na n\u011bj stavebn\u00ed povolen\u00ed a souhlas ostatn\u00edch n\u00e1jemn\u00edk\u016f. Ale nic z toho ne\u0161lo hned.<br \/>\n&#8222;Prvn\u00ed dva roky jsme Marka museli tahat po schodech, kdy\u017e pot\u0159eboval t\u0159eba k doktorovi. P\u0159i jedn\u00e9 takov\u00e9 cest\u011b star\u0161\u00edmu synovi, kter\u00fd je astmatik, praskla pl\u00edce. Od t\u00e9 doby jsou v invalidn\u00edm d\u016fchodu oba,&#8220; podot\u00fdk\u00e1 Jana Petru\u017e\u00e1lkov\u00e1. <\/p>\n<p>Mate\u0159sk\u00e9 srdce v\u0161ak nezastavila \u017e\u00e1dn\u00e1 p\u0159ek\u00e1\u017eka. T\u0159i roky denn\u011b jezdila vyd\u011bl\u00e1vat za hranice do rakousk\u00e9ho vinohradu, aby bylo na Markovy rehabilita\u010dn\u00ed pobyty a na pom\u016fcky. Dnes voz\u00ed syna do Pie\u0161\u0165an na neurorehabilitace. Tak\u00e9 do ma\u010farsk\u00e9 \u0160opron\u011b. Jezd\u00ed s n\u00edm plavat, oslovuje nadace a sh\u00e1n\u00ed dal\u0161\u00ed pen\u00edze. A vypl\u00e1c\u00ed se.<br \/>\nMarek, jeho\u017e stav l\u00e9ka\u0159i ozna\u010dili za nem\u011bnn\u00fd, d\u011bl\u00e1 pokroky. U\u017e ho nap\u0159\u00edklad mohou norm\u00e1ln\u011b krmit. <\/p>\n<p>V mal\u00e9 dcerce se syn vid\u011bl <\/p>\n<p>Ka\u017ed\u00e9 r\u00e1no tat\u00ednek Ji\u0159\u00ed Petru\u017e\u00e1lek ud\u011bl\u00e1 pro v\u0161echny t\u0159i kafe. Jeho man\u017eelka Marka umyje, p\u0159evle\u010de. Sn\u00eddan\u011b, ob\u011bd, sva\u010dina. B\u011bhem dne rodi\u010de se synem cvi\u010d\u00ed, po ve\u010de\u0159i mu pust\u00ed film a v dev\u011bt m\u00e1 ve\u010derku. Na\u0161t\u011bst\u00ed jsou na n\u011bj dva, tak\u017ee se za ty roky jen asi dvakr\u00e1t stalo, \u017ee musel z\u016fstat chv\u00edli doma s\u00e1m.<br \/>\n&#8222;Marek u\u017e projevuje emoce. V\u011bt\u0161inou m\u00e1 dobrou n\u00e1ladu, n\u011bkdy je smutnej a bre\u010d\u00ed, ale to jen opravdu v\u00fdjime\u010dn\u011b,&#8220; dopl\u0148uje t\u0159ia\u0161edes\u00e1tilet\u00fd Ji\u0159\u00ed Petru\u017e\u00e1lek.<br \/>\nMarek se p\u016fvodn\u011b vyu\u010dil mal\u00ed\u0159em nat\u011bra\u010dem, posledn\u00ed roky pracoval v kerami\u010dce. Na oslav\u011b sv\u00fdch p\u011btadvac\u00e1t\u00fdch narozenin se sezn\u00e1mil s pohlednou sle\u010dnou. Narodila se jim dcerka. V dob\u011b ne\u0161t\u011bst\u00ed m\u011bla Dianka rok a p\u016fl. Stalo se to 14 dn\u016f pot\u00e9, co se mlad\u00ed nast\u011bhovali do podn\u00e1jmu kousek od prarodi\u010d\u016f. <\/p>\n<p>&#8222;Marek m\u011bl malou hrozn\u011b r\u00e1d, v\u011b\u010dn\u011b byli spolu,&#8220; vzpom\u00edn\u00e1 matka. Tragick\u00e1 ud\u00e1lost tot\u00e1ln\u011b p\u0159evr\u00e1tila \u017eivot v\u0161em. V t\u00e9 dob\u011b \u017eili oba synov\u00e9 se sv\u00fdmi rodinami a Petru\u017e\u00e1lkovi se zab\u00edhali v roli prarodi\u010d\u016f. Te\u010f maj\u00ed doma znovu d\u00edt\u011b.<br \/>\nP\u0159\u00edtelkyn\u011b Daniela Marka v nouzi neopustila. S dcerkou ho pravideln\u011b nav\u0161t\u011bvuj\u00ed.<br \/>\n&#8222;Cht\u011bla se o n\u011bj starat od sam\u00e9ho po\u010d\u00e1tku, ale p\u0159esv\u011bd\u010dili jsme ji, \u017ee by to moment\u00e1ln\u011b sama s mal\u00fdm d\u00edt\u011btem nezvl\u00e1dla. Vnu\u010dka v\u00ed, \u017ee je ta\u0165ka nemocn\u00fd, ale \u0159\u00edk\u00e1me j\u00ed, \u017ee se mo\u017en\u00e1 uzdrav\u00ed,&#8220; podot\u00fdk\u00e1 matka. <\/p>\n<p>Je to r\u00e1zn\u00e1 \u017eena, sr\u0161\u00ed vitalitou a vypad\u00e1 to, \u017ee dok\u00e1\u017ee za\u0159\u00eddit i nemo\u017en\u00e9. Jen\u017ee jak dlouho prarodi\u010d\u016fm je\u0161t\u011b vydr\u017e\u00ed s\u00edly?<br \/>\n&#8222;Jsme d\u016fchodci a b\u016fhv\u00ed co s n\u00e1ma bude za deset let. Je n\u00e1m moc t\u011b\u017eko p\u0159i pomy\u0161len\u00ed, \u017ee by syn jednou skon\u010dil v \u00fastavu,&#8220; netaj\u00ed obavy z budoucnosti Ji\u0159\u00ed Petru\u017e\u00e1lek.<br \/>\nRodi\u010de proto trochu s\u00e1z\u00ed na deklarovanou ochotu Markovy p\u0159\u00edtelkyn\u011b a pojali odv\u00e1\u017en\u00fd pl\u00e1n. Cht\u011bli by mlad\u00fdm na sv\u00e9m pozemku na okraji m\u011bsta po\u0159\u00eddit domek. Dokonce u\u017e maj\u00ed projekt a v dubnu budou pokl\u00e1dat z\u00e1kladovou desku.<br \/>\nJana Petru\u017e\u00e1lkov\u00e1 neztr\u00e1c\u00ed kur\u00e1\u017e. &#8222;T\u0159eba na to budeme st\u0159\u00e1dat roky nebo pom\u016f\u017eou dob\u0159\u00ed lid\u00e9. Jsme sice v\u0161ichni d\u016fchodci, ale n\u011bjak to j\u00edt mus\u00ed. V\u017edy\u0165 je to moje d\u011bcko.&#8220; <\/p>\n<p>O autorovi: Ivana Kar\u00e1skov\u00e1, report\u00e9rka MF DNES<\/p>\n","protected":false},"excerpt":{"rendered":"<div class=\"mh-excerpt\"><p>Jedna r\u00e1na no\u017eem nav\u017edy poznamenala \u017eivot mlad\u00e9ho mu\u017ee a fat\u00e1ln\u011b zas\u00e1hla i do osudu jeho bl\u00edzk\u00fdch.<\/p>\n<\/div>","protected":false},"author":1,"featured_media":28624,"comment_status":"open","ping_status":"closed","sticky":false,"template":"","format":"standard","meta":{"footnotes":""},"categories":[9],"tags":[],"class_list":["post-30190","post","type-post","status-publish","format-standard","has-post-thumbnail","hentry","category-zpravy"],"_links":{"self":[{"href":"https:\/\/www.invarena.cz\/index.php?rest_route=\/wp\/v2\/posts\/30190","targetHints":{"allow":["GET"]}}],"collection":[{"href":"https:\/\/www.invarena.cz\/index.php?rest_route=\/wp\/v2\/posts"}],"about":[{"href":"https:\/\/www.invarena.cz\/index.php?rest_route=\/wp\/v2\/types\/post"}],"author":[{"embeddable":true,"href":"https:\/\/www.invarena.cz\/index.php?rest_route=\/wp\/v2\/users\/1"}],"replies":[{"embeddable":true,"href":"https:\/\/www.invarena.cz\/index.php?rest_route=%2Fwp%2Fv2%2Fcomments&post=30190"}],"version-history":[{"count":0,"href":"https:\/\/www.invarena.cz\/index.php?rest_route=\/wp\/v2\/posts\/30190\/revisions"}],"wp:featuredmedia":[{"embeddable":true,"href":"https:\/\/www.invarena.cz\/index.php?rest_route=\/wp\/v2\/media\/28624"}],"wp:attachment":[{"href":"https:\/\/www.invarena.cz\/index.php?rest_route=%2Fwp%2Fv2%2Fmedia&parent=30190"}],"wp:term":[{"taxonomy":"category","embeddable":true,"href":"https:\/\/www.invarena.cz\/index.php?rest_route=%2Fwp%2Fv2%2Fcategories&post=30190"},{"taxonomy":"post_tag","embeddable":true,"href":"https:\/\/www.invarena.cz\/index.php?rest_route=%2Fwp%2Fv2%2Ftags&post=30190"}],"curies":[{"name":"wp","href":"https:\/\/api.w.org\/{rel}","templated":true}]}}