{"id":30196,"date":"2018-02-21T14:56:32","date_gmt":"2018-02-21T13:56:32","guid":{"rendered":"http:\/\/www.invarena.cz\/?p=30196"},"modified":"2018-02-21T14:56:49","modified_gmt":"2018-02-21T13:56:49","slug":"hlavni-poute-na-velehrade-i-na-sv-hostyne","status":"publish","type":"post","link":"https:\/\/www.invarena.cz\/?p=30196","title":{"rendered":"Hlavn\u00ed pout\u011b na Velehrad\u011b i na Sv. Host\u00fdn\u011b"},"content":{"rendered":"<p><strong>Na Sv. Host\u00fdn\u011b se bude letos konat 9. pou\u0165 zrakov\u011b posti\u017een\u00fdch, a to dne 23. \u010dervna. P\u0159in\u00e1\u0161\u00edme i program ostatn\u00edch hlavn\u00edch pout\u00ed jak na Velehrad\u011b, tak i na Sv. Host\u00fdn\u011b. <\/strong><\/p>\n<p><!--more--><\/p>\n<p><strong>Hlavn\u00ed pout\u011b na Velehrad\u011b 2018 <\/strong><\/p>\n<p>14. dubna Pou\u0165 k 8. v\u00fdro\u010d\u00ed \u00famrt\u00ed kardin\u00e1la Tom\u00e1\u0161e \u0160pidl\u00edka<br \/>\n4.\u20135. \u010dervence Dny lid\u00ed dobr\u00e9 v\u016fle<br \/>\n15. srpna Pou\u0165 Matice velehradsk\u00e9<br \/>\n25. srpna XVIII. p\u011b\u0161\u00ed pou\u0165<br \/>\n<strong><br \/>\nHlavn\u00ed pout\u011b na Sv. Host\u00fdn\u011b 2018 <\/strong><\/p>\n<p>16.\u201317. b\u0159ezna P\u011b\u0161\u00ed celono\u010dn\u00ed postn\u00ed pou\u0165 ze Svat\u00e9ho Kope\u010dka<br \/>\n18. b\u0159ezna Svatojosefsk\u00e1 pou\u0165 mu\u017e\u016f<br \/>\n28. dubna 25. pou\u0165 hasi\u010d\u016f<br \/>\n1. kv\u011btna 13. prvom\u00e1jov\u00e1 pou\u0165 rodin<br \/>\n19.\u201320. kv\u011btna 15. pou\u0165 v\u010dela\u0159\u016f<br \/>\n9. \u010dervna 8. pou\u0165 l\u00e9ka\u0159\u016f a pracovn\u00edk\u016f ve zdravotnictv\u00ed<br \/>\n23. \u010dervna 9. pou\u0165 zrakov\u011b posti\u017een\u00fdch<br \/>\n2.\u20134. \u010dervence Tradi\u010dn\u00ed p\u011b\u0161\u00ed pou\u0165 Svat\u00fd Host\u00fdn \u2013 Velehrad<br \/>\n5. srpna 6. pou\u0165 vala\u0161sk\u00fdch dechov\u00fdch hudeb<br \/>\n12. srpna Hlavn\u00ed pou\u0165<br \/>\n15. srpna Nanebevzet\u00ed Panny Marie (titul\u00e1rn\u00ed slavnost) <\/p>\n","protected":false},"excerpt":{"rendered":"<div class=\"mh-excerpt\"><p>Na Sv. Host\u00fdn\u011b se bude letos konat 9. pou\u0165 zrakov\u011b posti\u017een\u00fdch, a to dne 23. \u010dervna. P\u0159in\u00e1\u0161\u00edme i program ostatn\u00edch hlavn\u00edch pout\u00ed jak na Velehrad\u011b, <a class=\"mh-excerpt-more\" href=\"https:\/\/www.invarena.cz\/?p=30196\" title=\"Hlavn\u00ed pout\u011b na Velehrad\u011b i na Sv. Host\u00fdn\u011b\">[&#8230;]<\/a><\/p>\n<\/div>","protected":false},"author":1,"featured_media":7471,"comment_status":"open","ping_status":"closed","sticky":false,"template":"","format":"standard","meta":{"footnotes":""},"categories":[9],"tags":[],"class_list":["post-30196","post","type-post","status-publish","format-standard","has-post-thumbnail","hentry","category-zpravy"],"_links":{"self":[{"href":"https:\/\/www.invarena.cz\/index.php?rest_route=\/wp\/v2\/posts\/30196","targetHints":{"allow":["GET"]}}],"collection":[{"href":"https:\/\/www.invarena.cz\/index.php?rest_route=\/wp\/v2\/posts"}],"about":[{"href":"https:\/\/www.invarena.cz\/index.php?rest_route=\/wp\/v2\/types\/post"}],"author":[{"embeddable":true,"href":"https:\/\/www.invarena.cz\/index.php?rest_route=\/wp\/v2\/users\/1"}],"replies":[{"embeddable":true,"href":"https:\/\/www.invarena.cz\/index.php?rest_route=%2Fwp%2Fv2%2Fcomments&post=30196"}],"version-history":[{"count":0,"href":"https:\/\/www.invarena.cz\/index.php?rest_route=\/wp\/v2\/posts\/30196\/revisions"}],"wp:featuredmedia":[{"embeddable":true,"href":"https:\/\/www.invarena.cz\/index.php?rest_route=\/wp\/v2\/media\/7471"}],"wp:attachment":[{"href":"https:\/\/www.invarena.cz\/index.php?rest_route=%2Fwp%2Fv2%2Fmedia&parent=30196"}],"wp:term":[{"taxonomy":"category","embeddable":true,"href":"https:\/\/www.invarena.cz\/index.php?rest_route=%2Fwp%2Fv2%2Fcategories&post=30196"},{"taxonomy":"post_tag","embeddable":true,"href":"https:\/\/www.invarena.cz\/index.php?rest_route=%2Fwp%2Fv2%2Ftags&post=30196"}],"curies":[{"name":"wp","href":"https:\/\/api.w.org\/{rel}","templated":true}]}}