{"id":30197,"date":"2018-02-21T15:01:17","date_gmt":"2018-02-21T14:01:17","guid":{"rendered":"http:\/\/www.invarena.cz\/?p=30197"},"modified":"2018-02-21T15:01:17","modified_gmt":"2018-02-21T14:01:17","slug":"situace-na-uradech-prace-je-tristni","status":"publish","type":"post","link":"https:\/\/www.invarena.cz\/?p=30197","title":{"rendered":"Situace na \u00fa\u0159adech pr\u00e1ce je tristn\u00ed"},"content":{"rendered":"<p><strong>T\u00e9ma, kter\u00e9 kone\u010dn\u011b za\u010d\u00edn\u00e1 zaj\u00edmat i politickou \u0161pi\u010dku v podob\u011b tristn\u00edho stavu na \u00fa\u0159adech pr\u00e1ce. Se zaveden\u00edm nov\u00e9 legislativy za\u010dala eskalovat dlouhodob\u011b \u0161patn\u00e1 situace na jednotliv\u00fdch \u00fa\u0159adech pr\u00e1ce, p\u0159edev\u0161\u00edm ve struktur\u00e1ln\u011b posti\u017een\u00fdch kraj\u00edch. <\/strong><!--more--><\/p>\n<p>M\u016f\u017eeme doslova mluvit o kolapsu st\u00e1tn\u00ed soci\u00e1ln\u00ed podpory, kde \u00bbd\u00edky\u00ab nov\u00e9mu n\u00e1r\u016fstu agendy doch\u00e1z\u00ed opravdu ke ka\u017edodenn\u00edmu p\u0159et\u011b\u017eov\u00e1n\u00ed zam\u011bstnanc\u016f \u00fa\u0159ad\u016f pr\u00e1ce. Hmotn\u00e1 nouze zaost\u00e1v\u00e1 kv\u016fli \u010dast\u00e9mu person\u00e1ln\u00edmu podstavu, kter\u00fd se \u010dasto neda\u0159\u00ed dopl\u0148ovat, a kv\u016fli velice slo\u017eit\u00e9 administraci d\u00e1vek jsou zam\u011bstnanci na pokraji sv\u00fdch sil. <\/p>\n<p>Pokyn z gener\u00e1ln\u00edho \u0159editelstv\u00ed \u00da\u0159adu pr\u00e1ce \u010cR \u00bbpom\u00e1hejte si navz\u00e1jem\u00ab nefunguje, nem\u016f\u017ee, nest\u00edh\u00e1 se -a v\u00fdsledek? V\u0161ichni jsou unaven\u00ed a na\u0161tvan\u00ed jsou \u00fa\u0159edn\u00edci i klienti. <\/p>\n<p>V oblasti zam\u011bstnanosti se neda\u0159\u00ed zam\u011bstn\u00e1vat dlouhodob\u00e9 klienty \u00fa\u0159adu pr\u00e1ce. V t\u00e9to oblasti se roz\u0161i\u0159uje p\u0159edev\u0161\u00edm trend lad\u011bn\u00ed spolupr\u00e1ce s l\u00e9ka\u0159i ve smyslu do\u010dasn\u00e9 pracovn\u00ed neschopnosti. Nav\u00edc je zcela b\u011b\u017en\u00e9, \u017ee l\u00e9ka\u0159i nejsou v\u016fbec informov\u00e1ni o nov\u00e9 legislativ\u011b a podkladech, kter\u00e9 s t\u00edm souvis\u00ed. \u010casto pak zcela zbyte\u010dn\u011b doch\u00e1z\u00ed k nep\u0159\u00edjemn\u00fdm situac\u00edm mezi samotn\u00fdm \u00fa\u0159adem pr\u00e1ce a dot\u010den\u00fdm l\u00e9ka\u0159em. <\/p>\n<p>Jak z toho ven? KS\u010cM dlouhodob\u011b poukazuje na velice tristn\u00ed platov\u00fd stav na \u00daP. N\u00e1stupn\u00ed platy se v \u010dist\u00e9m p\u0159ibli\u017euj\u00ed minim\u00e1ln\u00ed mzd\u011b, co\u017e je jeden z hlavn\u00edch d\u016fvod\u016f, pro\u010d ji\u017e ve zku\u0161ebn\u00ed dob\u011b kon\u010d\u00ed nov\u00ed zam\u011bstnanci.<\/p>\n<p>Jednozna\u010dn\u011b se mus\u00ed prov\u00e9st d\u016fkladn\u00e1 revize cel\u00e9ho d\u00e1vkov\u00e9ho syst\u00e9mu a zjednodu\u0161it syst\u00e9m d\u00e1vek, sn\u00ed\u017eit nesmyslnou administrativu a naopak naj\u00edt dal\u0161\u00ed cesty, jak zkvalitnit m\u00edsto i proces pro klienty i samotn\u00e9 \u00fa\u0159edn\u00edky. Je t\u0159eba navr\u00e1tit hlavn\u00ed n\u00e1pl\u0148 tohoto \u00fa\u0159adu, a to zprost\u0159edkov\u00e1n\u00ed zam\u011bstn\u00e1n\u00ed. Mus\u00edme si p\u0159iznat, \u017ee na \u00fa\u0159ady pr\u00e1ce se dlouhodob\u011b zapom\u00ednalo a staly se m\u00edstem, kam se nechce chodit v\u016fbec nikomu, bohu\u017eel ani zam\u011bstnanc\u016fm. <\/p>\n<p>Hal\u00f3 noviny<\/p>\n","protected":false},"excerpt":{"rendered":"<div class=\"mh-excerpt\"><p>T\u00e9ma, kter\u00e9 kone\u010dn\u011b za\u010d\u00edn\u00e1 zaj\u00edmat i politickou \u0161pi\u010dku v podob\u011b tristn\u00edho stavu na \u00fa\u0159adech pr\u00e1ce. Se zaveden\u00edm nov\u00e9 legislativy za\u010dala eskalovat dlouhodob\u011b \u0161patn\u00e1 situace na <a class=\"mh-excerpt-more\" href=\"https:\/\/www.invarena.cz\/?p=30197\" title=\"Situace na \u00fa\u0159adech pr\u00e1ce je tristn\u00ed\">[&#8230;]<\/a><\/p>\n<\/div>","protected":false},"author":1,"featured_media":1077,"comment_status":"open","ping_status":"closed","sticky":false,"template":"","format":"standard","meta":{"footnotes":""},"categories":[9],"tags":[],"class_list":["post-30197","post","type-post","status-publish","format-standard","has-post-thumbnail","hentry","category-zpravy"],"_links":{"self":[{"href":"https:\/\/www.invarena.cz\/index.php?rest_route=\/wp\/v2\/posts\/30197","targetHints":{"allow":["GET"]}}],"collection":[{"href":"https:\/\/www.invarena.cz\/index.php?rest_route=\/wp\/v2\/posts"}],"about":[{"href":"https:\/\/www.invarena.cz\/index.php?rest_route=\/wp\/v2\/types\/post"}],"author":[{"embeddable":true,"href":"https:\/\/www.invarena.cz\/index.php?rest_route=\/wp\/v2\/users\/1"}],"replies":[{"embeddable":true,"href":"https:\/\/www.invarena.cz\/index.php?rest_route=%2Fwp%2Fv2%2Fcomments&post=30197"}],"version-history":[{"count":0,"href":"https:\/\/www.invarena.cz\/index.php?rest_route=\/wp\/v2\/posts\/30197\/revisions"}],"wp:featuredmedia":[{"embeddable":true,"href":"https:\/\/www.invarena.cz\/index.php?rest_route=\/wp\/v2\/media\/1077"}],"wp:attachment":[{"href":"https:\/\/www.invarena.cz\/index.php?rest_route=%2Fwp%2Fv2%2Fmedia&parent=30197"}],"wp:term":[{"taxonomy":"category","embeddable":true,"href":"https:\/\/www.invarena.cz\/index.php?rest_route=%2Fwp%2Fv2%2Fcategories&post=30197"},{"taxonomy":"post_tag","embeddable":true,"href":"https:\/\/www.invarena.cz\/index.php?rest_route=%2Fwp%2Fv2%2Ftags&post=30197"}],"curies":[{"name":"wp","href":"https:\/\/api.w.org\/{rel}","templated":true}]}}