{"id":30202,"date":"2018-02-23T11:18:40","date_gmt":"2018-02-23T10:18:40","guid":{"rendered":"http:\/\/www.invarena.cz\/?p=30202"},"modified":"2018-02-23T11:23:02","modified_gmt":"2018-02-23T10:23:02","slug":"zacina-matejskou-pout-den-pro-postizene-bude-19-brezna","status":"publish","type":"post","link":"https:\/\/www.invarena.cz\/?p=30202","title":{"rendered":"Za\u010d\u00edn\u00e1 Mat\u011bjskou pou\u0165. Den pro posti\u017een\u00e9 bude 19. b\u0159ezna"},"content":{"rendered":"<p><strong>V r\u00e1mci Mat\u011bjsk\u00e9 pouti se ji\u017e tradi\u010dn\u011b uskute\u010d\u0148uje Den pro zdravotn\u011b posti\u017een\u00e9 d\u011bti. Letos je term\u00edn stanoven na pond\u011bl\u00ed  19. 3. 2018.<\/strong> <!--more--><\/p>\n<p>Mat\u011bjsk\u00e1 pou\u0165 za\u010d\u00edn\u00e1 u\u017e tuto sobotu. N\u00e1v\u0161t\u011bvn\u00edci se mohou t\u011b\u0161it na atrakce z Holandska i dal\u0161\u00edch zem\u00ed Evropy. Mat\u011bjsk\u00e1 na pra\u017esk\u00e9m V\u00fdstavi\u0161ti letos nab\u00eddne i virtu\u00e1ln\u00ed realitu, ve kter\u00e9 se z\u00e1jemci ocitnou pomoc\u00ed 3D br\u00fdl\u00ed. Organiz\u00e1tor pout\u011b V\u00e1clav Ko\u010dka star\u0161\u00ed Impulsu \u0159ekl, \u017ee ka\u017ed\u00fd n\u00e1v\u0161t\u011bvn\u00edk si rozhodn\u011b p\u0159ijde na sv\u00e9.<\/p>\n<p>Na Mat\u011bjsk\u00e9 bude otev\u0159eno do 15. dubna ka\u017ed\u00fd den. Na programu je i den pro zdravotn\u011b posti\u017een\u00e9 d\u011bti, v r\u00e1mci kter\u00e9ho prob\u011bhne velk\u00fd koncert. Vystoup\u00ed na n\u011bm t\u0159eba Michal David.<\/p>\n<p>Cel\u00e1 akce je ur\u010dena d\u011btem s handicapem v doprovodu jejich rodi\u010d\u016f, vychovatel\u016f \u010di kamar\u00e1d\u016f, d\u00e1le pak d\u011btsk\u00fdm domov\u016fm, azylov\u00fdm dom\u016fm a ostatn\u00edm \u00fastav\u016fm. Ve\u0161ker\u00e9 atrakce jsou d\u011btem k dispozici mezi 11:00-15:00 hodin zcela ZDARMA. Krom\u011b atrakc\u00ed mohou d\u011bti nav\u0161t\u00edvit t\u00e9\u017e od 11:00-15:00 hodin st\u00e1lou expozici exotick\u00fdch ryb, \u017eralok\u016f, kor\u00e1l\u016f a sasanek Mo\u0159sk\u00fd sv\u011bt, doprovodn\u00fd z\u00e1bavn\u00fd program a vystoupen\u00ed klaun\u016f ze skupiny MED\u016eZA, kter\u00fd je v\u017edy p\u0159ipraven speci\u00e1ln\u011b pro tuto p\u0159\u00edle\u017eitost na K\u0159i\u017e\u00edkov\u011b font\u00e1n\u011b od 11:00 \u2013 15:00 hodin. Po\u0159adatel Mat\u011bjsk\u00e9 pouti chyst\u00e1 od 15:00 do 17:00 hodin koncert p\u0159edn\u00edch \u010desk\u00fdch um\u011blc\u016f na K\u0159i\u017e\u00edkov\u011b font\u00e1n\u011b. Na uspo\u0159\u00e1d\u00e1n\u00ed Dne pro zdravotn\u011b posti\u017een\u00e9 d\u011bti spolupracuje akciov\u00e1 spole\u010dnost V\u00fdstavi\u0161t\u011b Praha, a.s.<\/p>\n","protected":false},"excerpt":{"rendered":"<div class=\"mh-excerpt\"><p>V r\u00e1mci Mat\u011bjsk\u00e9 pouti se ji\u017e tradi\u010dn\u011b uskute\u010d\u0148uje Den pro zdravotn\u011b posti\u017een\u00e9 d\u011bti. Letos je term\u00edn stanoven na pond\u011bl\u00ed 19. 3. 2018.<\/p>\n<\/div>","protected":false},"author":1,"featured_media":2861,"comment_status":"open","ping_status":"closed","sticky":false,"template":"","format":"standard","meta":{"footnotes":""},"categories":[9],"tags":[],"class_list":["post-30202","post","type-post","status-publish","format-standard","has-post-thumbnail","hentry","category-zpravy"],"_links":{"self":[{"href":"https:\/\/www.invarena.cz\/index.php?rest_route=\/wp\/v2\/posts\/30202","targetHints":{"allow":["GET"]}}],"collection":[{"href":"https:\/\/www.invarena.cz\/index.php?rest_route=\/wp\/v2\/posts"}],"about":[{"href":"https:\/\/www.invarena.cz\/index.php?rest_route=\/wp\/v2\/types\/post"}],"author":[{"embeddable":true,"href":"https:\/\/www.invarena.cz\/index.php?rest_route=\/wp\/v2\/users\/1"}],"replies":[{"embeddable":true,"href":"https:\/\/www.invarena.cz\/index.php?rest_route=%2Fwp%2Fv2%2Fcomments&post=30202"}],"version-history":[{"count":0,"href":"https:\/\/www.invarena.cz\/index.php?rest_route=\/wp\/v2\/posts\/30202\/revisions"}],"wp:featuredmedia":[{"embeddable":true,"href":"https:\/\/www.invarena.cz\/index.php?rest_route=\/wp\/v2\/media\/2861"}],"wp:attachment":[{"href":"https:\/\/www.invarena.cz\/index.php?rest_route=%2Fwp%2Fv2%2Fmedia&parent=30202"}],"wp:term":[{"taxonomy":"category","embeddable":true,"href":"https:\/\/www.invarena.cz\/index.php?rest_route=%2Fwp%2Fv2%2Fcategories&post=30202"},{"taxonomy":"post_tag","embeddable":true,"href":"https:\/\/www.invarena.cz\/index.php?rest_route=%2Fwp%2Fv2%2Ftags&post=30202"}],"curies":[{"name":"wp","href":"https:\/\/api.w.org\/{rel}","templated":true}]}}