{"id":30205,"date":"2018-02-24T18:38:12","date_gmt":"2018-02-24T17:38:12","guid":{"rendered":"http:\/\/www.invarena.cz\/?p=30205"},"modified":"2018-02-24T18:38:12","modified_gmt":"2018-02-24T17:38:12","slug":"holcicka-zase-slysi-na-naslouchatko-ji-prispeli-darci","status":"publish","type":"post","link":"https:\/\/www.invarena.cz\/?p=30205","title":{"rendered":"Hol\u010di\u010dka zase sly\u0161\u00ed. Na naslouch\u00e1tko j\u00ed p\u0159isp\u011bli d\u00e1rci"},"content":{"rendered":"<p><strong>P\u011btilet\u00e1 Martinka, kter\u00e1 bydl\u00ed se svou maminkou v Kr\u00e1sn\u00e9 L\u00edp\u011b, je sluchov\u011b posti\u017een\u00e1. Loni v listopadu se j\u00ed stala ne\u0161\u0165astn\u00e1 ud\u00e1lost \u2013 jedno ze sluchadel, d\u00edky nim\u017e mohla sly\u0161et, ztratila. Finan\u010dn\u00ed situace v rodin\u011b nen\u00ed jednoduch\u00e1, jej\u00ed maminka je \u010d\u00e1ste\u010dn\u011b invalidn\u00ed a na sv\u00e9 dv\u011b d\u011bti je sama. Sluchadlo se ale brzy d\u00edky dobr\u00fdm lidem poda\u0159ilo zase z\u00edskat.<\/strong><!--more--><\/p>\n<p>ilustra\u010dn\u00ed obr\u00e1zek <\/p>\n<p>Nedosl\u00fdchav\u00e1 Martinka bydl\u00ed spole\u010dn\u011b se svou maminkou Petrou a dvouletou sestrou Petru\u0161kou v pronajat\u00e9m byt\u011b v Kr\u00e1sn\u00e9 L\u00edp\u011b. Na jedno ucho nesly\u0161\u00ed t\u00e9m\u011b\u0159 v\u016fbec, na druh\u00e9 jen z\u010d\u00e1sti.<br \/>\nTat\u00ednek obou hol\u010di\u010dek nav\u00edc p\u0159ed dv\u011bma lety zem\u0159el, a tak se o d\u011bv\u010data star\u00e1 sama.<br \/>\n&#8222;Po uhrazen\u00ed n\u00e1jmu, poplatk\u016f a spl\u00e1tek p\u016fj\u010dek, kter\u00e9 maminka \u0159\u00e1dn\u011b spl\u00e1c\u00ed, rodin\u011b nezb\u00fdvaj\u00ed pen\u00edze na tvo\u0159en\u00ed finan\u010dn\u00ed rezervy, nato\u017e na vybaven\u00ed bytu.<br \/>\nMaminka je v \u010d\u00e1ste\u010dn\u00e9m invalidn\u00edm d\u016fchodu a jej\u00ed pracovn\u00ed mo\u017enosti jsou proto omezen\u00e9,&#8220; uvedla pracovnice Komunitn\u00edho centra Kostka v Kr\u00e1sn\u00e9 L\u00edp\u011b Dagmar V\u00e1lkov\u00e1, kter\u00e1 rodin\u011b pom\u00e1h\u00e1.<br \/>\nMartinka loni v l\u00e9t\u011b za\u010dala pou\u017e\u00edvat na ob\u011b u\u0161i elektronick\u00e1 sluchadla. Do t\u00e9 doby nesly\u0161ela a nemluvila, dok\u00e1zala jen odez\u00edrat ze rt\u016f.<br \/>\nD\u00edky naslouch\u00e1tk\u016fm a spolupr\u00e1ci se svou maminkou i pracovnic\u00ed komunitn\u00edho centra se hol\u010di\u010dce otev\u0159el nov\u00fd obzor. Za\u010dala rozum\u011bt sv\u00e9mu okol\u00ed a zapojovala se do b\u011b\u017en\u00e9ho \u017eivota. Za\u010dala tak\u00e9 chodit do mate\u0159sk\u00e9 \u0161koly, kde pracovala s asistentkou. Koncem listopadu ale Martinka cestou na logopedii jedno sluchadlo ztratila. &#8222;Martinka se nesoust\u0159edila, \u010dasto plakala a stagnovala.<br \/>\nMaminka jako samo\u017eivitelka dvou d\u011bt\u00ed nem\u011bla finan\u010dn\u00ed prost\u0159edky na nov\u00e9 sluchadlo,&#8220; popsala V\u00e1lkov\u00e1. A tak se rozhodla rodin\u011b pomoci. &#8222;Napadlo, \u017ee bych mohla oslovit n\u011bjakou nadaci. Na\u0161la jsem si Nadaci Sirius s projektem Patron pro d\u011bti,&#8220; vysv\u011btlila V\u00e1lkov\u00e1. Pracovnice komunitn\u00edho centra se tak stala patronem Martin\u010dina p\u0159\u00edb\u011bhu. Patron pom\u00e1h\u00e1 zdravotn\u011b a soci\u00e1ln\u011b znev\u00fdhodn\u011bn\u00fdm d\u011btem po cel\u00e9 republice. P\u0159\u00edb\u011bh Martinky se zve\u0159ejnil na webu. D\u00edky lidem, kte\u0159\u00ed si ho p\u0159e\u010detli a rozhodli se p\u0159isp\u011bt, se cel\u00e1 \u010d\u00e1stka \u2013 bezm\u00e1la 6 000 korun \u2013 na nov\u00e9 sluchadlo vybrala za pouh\u00e9 dva t\u00fddny.<br \/>\nMartinka se tak nov\u00e9ho sluchadla kone\u010dn\u011b do\u010dkala.<\/p>\n<p>Vy\u0161lo tak\u00e9 v: Teplick\u00fd den\u00edk; \u00dasteck\u00fd den\u00edk<\/p>\n","protected":false},"excerpt":{"rendered":"<div class=\"mh-excerpt\"><p>P\u011btilet\u00e1 Martinka, kter\u00e1 bydl\u00ed se svou maminkou v Kr\u00e1sn\u00e9 L\u00edp\u011b, je sluchov\u011b posti\u017een\u00e1. Loni v listopadu se j\u00ed stala ne\u0161\u0165astn\u00e1 ud\u00e1lost \u2013 jedno ze sluchadel, <a class=\"mh-excerpt-more\" href=\"https:\/\/www.invarena.cz\/?p=30205\" title=\"Hol\u010di\u010dka zase sly\u0161\u00ed. Na naslouch\u00e1tko j\u00ed p\u0159isp\u011bli d\u00e1rci\">[&#8230;]<\/a><\/p>\n<\/div>","protected":false},"author":1,"featured_media":5900,"comment_status":"open","ping_status":"closed","sticky":false,"template":"","format":"standard","meta":{"footnotes":""},"categories":[9],"tags":[],"class_list":["post-30205","post","type-post","status-publish","format-standard","has-post-thumbnail","hentry","category-zpravy"],"_links":{"self":[{"href":"https:\/\/www.invarena.cz\/index.php?rest_route=\/wp\/v2\/posts\/30205","targetHints":{"allow":["GET"]}}],"collection":[{"href":"https:\/\/www.invarena.cz\/index.php?rest_route=\/wp\/v2\/posts"}],"about":[{"href":"https:\/\/www.invarena.cz\/index.php?rest_route=\/wp\/v2\/types\/post"}],"author":[{"embeddable":true,"href":"https:\/\/www.invarena.cz\/index.php?rest_route=\/wp\/v2\/users\/1"}],"replies":[{"embeddable":true,"href":"https:\/\/www.invarena.cz\/index.php?rest_route=%2Fwp%2Fv2%2Fcomments&post=30205"}],"version-history":[{"count":0,"href":"https:\/\/www.invarena.cz\/index.php?rest_route=\/wp\/v2\/posts\/30205\/revisions"}],"wp:featuredmedia":[{"embeddable":true,"href":"https:\/\/www.invarena.cz\/index.php?rest_route=\/wp\/v2\/media\/5900"}],"wp:attachment":[{"href":"https:\/\/www.invarena.cz\/index.php?rest_route=%2Fwp%2Fv2%2Fmedia&parent=30205"}],"wp:term":[{"taxonomy":"category","embeddable":true,"href":"https:\/\/www.invarena.cz\/index.php?rest_route=%2Fwp%2Fv2%2Fcategories&post=30205"},{"taxonomy":"post_tag","embeddable":true,"href":"https:\/\/www.invarena.cz\/index.php?rest_route=%2Fwp%2Fv2%2Ftags&post=30205"}],"curies":[{"name":"wp","href":"https:\/\/api.w.org\/{rel}","templated":true}]}}