{"id":30206,"date":"2018-02-24T18:43:50","date_gmt":"2018-02-24T17:43:50","guid":{"rendered":"http:\/\/www.invarena.cz\/?p=30206"},"modified":"2018-02-24T18:49:16","modified_gmt":"2018-02-24T17:49:16","slug":"nechceme-aby-ministerstvo-delalo-rozdily-prohlasuji-tachovsti-rodice","status":"publish","type":"post","link":"https:\/\/www.invarena.cz\/?p=30206","title":{"rendered":"Nechceme, aby ministerstvo d\u011blalo rozd\u00edly, prohla\u0161uj\u00ed tachov\u0161t\u00ed rodi\u010de"},"content":{"rendered":"<p><strong>Petici u\u017e podepsalo p\u0159es osm tis\u00edc lid\u00ed. <\/strong><!--more--><\/p>\n<p>Ani\u010dka je \u017e\u00e1kyn\u00ed \u010dtvrt\u00e9 t\u0159\u00eddy Z\u0160 speci\u00e1ln\u00ed v Tachov\u011b. &#8222;Aby mohla chodit do t\u00e9to \u0161koly, je v prvn\u00ed \u0159ad\u011b nezbytn\u00e9 doporu\u010den\u00ed ke vzd\u011bl\u00e1v\u00e1n\u00ed ze \u0161kolsk\u00e9ho poradensk\u00e9ho za\u0159\u00edzen\u00ed, v jej\u00edm p\u0159\u00edpad\u011b speci\u00e1ln\u011b pedagogick\u00e9ho centra,&#8220; uvedla jej\u00ed maminka Michaela Velichov\u00e1.<br \/>\nP\u0159\u00edstup \u0161koly si pochvaluje, Ani\u010dka d\u011bl\u00e1 pokroky. Ke sv\u00e9mu vzd\u011bl\u00e1v\u00e1n\u00ed ale pot\u0159ebuje tak\u00e9 r\u016fzn\u00e1 podp\u016frn\u00e1 opat\u0159en\u00ed. Stejn\u011b na tom je n\u011bkolik dal\u0161\u00edch \u017e\u00e1k\u016f \u0161koly. Neobejdou se bez asistenta pedagoga, kompenza\u010dn\u00edch pom\u016fcek (jako je nap\u0159\u00edklad mechanick\u00fd voz\u00edk, speci\u00e1ln\u00ed polohovac\u00ed \u017eidli\u010dka, polohovac\u00ed pytel), nebo speci\u00e1ln\u00edch u\u010debnic.<br \/>\nJen\u017ee tachovsk\u00e9 speci\u00e1ln\u00ed \u0161kole nebyly na zm\u00edn\u011bn\u00e1 n\u00e1rokov\u00e1 podp\u016frn\u00e1 opat\u0159en\u00ed p\u0159id\u011bleny finan\u010dn\u00ed prost\u0159edky. Prozat\u00edm pomohl z\u0159izovatel \u0161koly, Plze\u0148sk\u00fd kraj, kter\u00fd na\u0161el finan\u010dn\u00ed rezervu alespo\u0148 na zaplacen\u00ed asistent\u016f pedagoga.<\/p>\n<p><strong>A pro\u010d nejsou pen\u00edze?<\/strong><br \/>\nMinisterstvo \u0161kolstv\u00ed toti\u017e vydalo opat\u0159en\u00ed, kter\u00e9 rodi\u010de i pracovn\u00edky speci\u00e1ln\u00edch \u0161kol po\u0159\u00e1dn\u011b rozladilo. Rodi\u010de z Tachova nev\u00e1hali a sepsali petici, kterou prozat\u00edm v cel\u00e9 republice podepsalo p\u0159es osm tis\u00edc lid\u00ed.<br \/>\n&#8222;Petice m\u00e1 upozornit na to, \u017ee ve speci\u00e1ln\u00edch \u0161kol\u00e1ch nejsou kv\u016fli opat\u0159en\u00ed ministerstva \u0161kolstv\u00ed v dostate\u010dn\u00e9 m\u00ed\u0159e zaji\u0161t\u011bna n\u00e1rokov\u00e1 podp\u016frn\u00e1 opat\u0159en\u00ed pro hendikepovan\u00e9 d\u011bti,&#8220; vysv\u011btluj\u00ed inici\u00e1to\u0159i dokumentu.<br \/>\nP\u0159ipom\u00ednaj\u00ed, \u017ee b\u011b\u017en\u00e9 z\u00e1kladn\u00ed \u0161koly tato n\u00e1rokov\u00e1 podp\u016frn\u00e1 opat\u0159en\u00ed mohou zajistit, ale bez dostate\u010dn\u011b kvalifikovan\u00e9 p\u00e9\u010de, kterou d\u011bti pot\u0159ebuj\u00ed. &#8222;Ano, b\u011b\u017en\u00e9 z\u00e1kladn\u00ed \u0161koly pen\u00edze na asistenty i na kompenza\u010dn\u00ed pom\u016fcky dostanou.<br \/>\nSpeci\u00e1ln\u00ed \u0161koly ne. Ale n\u011bkter\u00e9 d\u011bti s kombinovan\u00fdm hendikepem nemohou b\u00fdt za\u0159azeny v b\u011b\u017en\u00fdch \u0161kol\u00e1ch, proto\u017ee se jim tam nedostane specializovan\u00e9 p\u00e9\u010de. Je tam ve t\u0159\u00edd\u00e1ch v\u00edce \u017e\u00e1k\u016f a nap\u0159\u00edklad d\u011bti se st\u0159edn\u011b t\u011b\u017ekou ment\u00e1ln\u00ed retardac\u00ed pot\u0159ebuj\u00ed individu\u00e1ln\u00ed p\u0159\u00edstup, dodr\u017eovat sv\u00e9 tempo pr\u00e1ce, klidn\u00e9 a neust\u00e1le motivuj\u00edc\u00ed prost\u0159ed\u00ed. Jen tak mohou b\u00fdt ve \u0161kole \u0161\u0165astn\u00e9 a c\u00edtit se tam dob\u0159e,&#8220; dodala Ani\u010d\u010dina maminka.<\/p>\n<p>Rodi\u010de proto v petici \u017e\u00e1daj\u00ed, aby bylo vzd\u011bl\u00e1v\u00e1n\u00ed \u017e\u00e1k\u016f se speci\u00e1ln\u00edmi vzd\u011bl\u00e1vac\u00edmi pot\u0159ebami ministerstvem p\u0159ehodnoceno, aby nebyly \u010din\u011bny rozd\u00edly v poskytov\u00e1n\u00ed n\u00e1rokov\u00fdch podp\u016frn\u00fdch opat\u0159en\u00ed podle toho, v jak\u00e9m typu \u0161koly se d\u00edt\u011b s hendikepem vzd\u011bl\u00e1v\u00e1. Petici je mo\u017en\u00e9 podepsat do konce \u00fanora. Inici\u00e1to\u0159i ji pak cht\u011bj\u00ed p\u0159edat vl\u00e1d\u011b, a\u017e z\u00edsk\u00e1 v parlamentu d\u016fv\u011bru.<\/p>\n","protected":false},"excerpt":{"rendered":"<div class=\"mh-excerpt\"><p>Petici u\u017e podepsalo p\u0159es osm tis\u00edc lid\u00ed.<\/p>\n<\/div>","protected":false},"author":1,"featured_media":4884,"comment_status":"open","ping_status":"closed","sticky":false,"template":"","format":"standard","meta":{"footnotes":""},"categories":[9],"tags":[],"class_list":["post-30206","post","type-post","status-publish","format-standard","has-post-thumbnail","hentry","category-zpravy"],"_links":{"self":[{"href":"https:\/\/www.invarena.cz\/index.php?rest_route=\/wp\/v2\/posts\/30206","targetHints":{"allow":["GET"]}}],"collection":[{"href":"https:\/\/www.invarena.cz\/index.php?rest_route=\/wp\/v2\/posts"}],"about":[{"href":"https:\/\/www.invarena.cz\/index.php?rest_route=\/wp\/v2\/types\/post"}],"author":[{"embeddable":true,"href":"https:\/\/www.invarena.cz\/index.php?rest_route=\/wp\/v2\/users\/1"}],"replies":[{"embeddable":true,"href":"https:\/\/www.invarena.cz\/index.php?rest_route=%2Fwp%2Fv2%2Fcomments&post=30206"}],"version-history":[{"count":0,"href":"https:\/\/www.invarena.cz\/index.php?rest_route=\/wp\/v2\/posts\/30206\/revisions"}],"wp:featuredmedia":[{"embeddable":true,"href":"https:\/\/www.invarena.cz\/index.php?rest_route=\/wp\/v2\/media\/4884"}],"wp:attachment":[{"href":"https:\/\/www.invarena.cz\/index.php?rest_route=%2Fwp%2Fv2%2Fmedia&parent=30206"}],"wp:term":[{"taxonomy":"category","embeddable":true,"href":"https:\/\/www.invarena.cz\/index.php?rest_route=%2Fwp%2Fv2%2Fcategories&post=30206"},{"taxonomy":"post_tag","embeddable":true,"href":"https:\/\/www.invarena.cz\/index.php?rest_route=%2Fwp%2Fv2%2Ftags&post=30206"}],"curies":[{"name":"wp","href":"https:\/\/api.w.org\/{rel}","templated":true}]}}