{"id":30209,"date":"2018-02-26T14:16:28","date_gmt":"2018-02-26T13:16:28","guid":{"rendered":"http:\/\/www.invarena.cz\/?p=30209"},"modified":"2018-02-26T14:16:28","modified_gmt":"2018-02-26T13:16:28","slug":"ctvrtina-senioru-je-v-predcasne-penzi-vlada-resi-jejich-chudobu","status":"publish","type":"post","link":"https:\/\/www.invarena.cz\/?p=30209","title":{"rendered":"\u010ctvrtina senior\u016f je v p\u0159ed\u010dasn\u00e9 penzi. Vl\u00e1da \u0159e\u0161\u00ed jejich chudobu"},"content":{"rendered":"<p><strong>\u010cesko d\u00e1l st\u00e1rne a statistika to potvrzuje. V desetimilionov\u00e9 zemi jsou nyn\u00ed bezm\u00e1la t\u0159i miliony lid\u00ed s r\u016fzn\u00fdm typem d\u016fchod\u016f, z toho 2,4 milionu lid\u00ed pob\u00edr\u00e1 starobn\u00ed penzi. Potvrdila to v\u00fdro\u010dn\u00ed data \u010cesk\u00e9 spr\u00e1vy soci\u00e1ln\u00edho zabezpe\u010den\u00ed (\u010cSSZ). &#8222;U po\u010dtu v\u0161ech d\u016fchodc\u016f byl zaznamen\u00e1n nepatrn\u00fd meziro\u010dn\u00ed n\u00e1r\u016fst, v \u0159\u00e1du desetiny procenta,&#8220; vypo\u010d\u00edtala mluv\u010d\u00ed \u010cSSZ Jana Bura\u0148ov\u00e1. Na d\u016fchodech vyplatila \u010cSSZ p\u0159es 404 miliardy korun. P\u0159\u00edjmy z pojistn\u00e9ho loni \u010dinily 405,3 miliard korun. <\/strong><br \/>\n<!--more--><br \/>\n\u017dENY V B\u00cdD\u011a <\/p>\n<p>Zaj\u00edmavost\u00ed z d\u016fchodov\u00e9 statistiky je fakt, \u017ee \u010dtvrtina lid\u00ed (26 %) je v p\u0159ed\u010dasn\u00e9 penzi, a tud\u00ed\u017e ji m\u00e1 trvale kr\u00e1cenou. Jestli\u017ee pr\u016fm\u011brn\u00e1 starobn\u00ed penze na konci roku \u010dinila 11 850 K\u010d, u p\u0159ed\u010dasn\u00fdch penzist\u016f to bylo o 1282 korun m\u00e9n\u011b. Nejh\u016f\u0159e jsou na tom \u017eeny, pokud jsou v p\u0159ed\u010dasn\u00e9 penzi, pob\u00edraj\u00ed v pr\u016fm\u011bru 9558 korun m\u011bs\u00ed\u010dn\u011b. Dost\u00e1vaj\u00ed se tak pod hranici chudoby, kter\u00e1 byla loni pro jednotlivce stanovena \u010d\u00e1stkou 10 691 korun. Pro p\u0159ipomenut\u00ed \u2013 do p\u0159ed\u010dasn\u00e9ho d\u016fchodu je mo\u017en\u00e9 odej\u00edt tehdy, pokud \u010dlov\u011bk pot\u0159ebnou dobu platil poji\u0161t\u011bn\u00ed (letos 34 let) a do \u0159\u00e1dn\u00e9ho term\u00ednu mu zb\u00fdvaj\u00ed nejv\u00fd\u0161 t\u0159i roky. Do budoucna se doba na p\u0159ed\u010dasn\u00fd d\u016fchod zv\u00fd\u0161\u00ed a\u017e na p\u011bt let p\u0159ed \u0159\u00e1dn\u00fdm term\u00ednem (s odchodem nejd\u0159\u00edve v 60 letech). <\/p>\n<p>ZM\u011aN\u00cd VZOREC <\/p>\n<p>Babi\u0161ova vl\u00e1da v demisi hodl\u00e1 do sn\u011bmovny poslat novelu z\u00e1kona, kter\u00e1 by m\u011bla \u0159e\u0161it slo\u017eitou situaci pr\u00e1v\u011b nejchud\u0161\u00edch penzist\u016f. Pevn\u00e1 \u010d\u00e1st d\u016fchodu, kter\u00e1 je pro v\u0161echny stejn\u00e1 (letos 2700 K\u010d), by m\u011bla od p\u0159\u00ed\u0161t\u00edho roku odpov\u00eddat deseti procent\u016fm pr\u016fm\u011brn\u00e9 mzdy m\u00edsto nyn\u011bj\u0161\u00edch dev\u00edti procent. P\u0159i zachov\u00e1n\u00ed stejn\u00e9ho modelu valorizace by to znamenalo, \u017ee v\u00edc ne\u017e dosud poputuje do pevn\u00e9ho d\u00edlu a m\u00e9n\u011b do z\u00e1sluhov\u00e9 procentn\u00ed v\u00fdm\u011bry. Zhruba polovin\u011b penzist\u016f s &#8222;nadpr\u016fm\u011brn\u00fdmi&#8220; penzemi tak zpomal\u00ed r\u016fst penz\u00ed, chud\u0161\u00ed si ale polep\u0161\u00ed .<br \/>\nMinistryn\u011b pr\u00e1ce Jaroslava N\u011bmcov\u00e1 (ANO) nazna\u010dila, \u017ee pevn\u00e1 \u010d\u00e1st penze by od ledna 2019 mohla b\u00fdt vy\u0161\u0161\u00ed o 320 korun (3020 K\u010d). Premi\u00e9r v demisi Andrej Babi\u0161 ale uvedl, \u017ee by si p\u0159\u00e1l zv\u00fd\u0161en\u00ed pevn\u00e9 \u010d\u00e1sti 540 korun. Re\u00e1ln\u00fd odhad r\u016fstu penz\u00ed na rok 2019 v\u0161ak bude jasn\u00fd a\u017e v l\u00e9t\u011b, na z\u00e1klad\u011b dat o r\u016fstu mezd a r\u016fstu cen.<\/p>\n<p>Pra\u017esk\u00fd den\u00edk<br \/>\nhttp:\/\/www.prazsky.denik.cz\/ <\/p>\n","protected":false},"excerpt":{"rendered":"<div class=\"mh-excerpt\"><p>\u010cesko d\u00e1l st\u00e1rne a statistika to potvrzuje. V desetimilionov\u00e9 zemi jsou nyn\u00ed bezm\u00e1la t\u0159i miliony lid\u00ed s r\u016fzn\u00fdm typem d\u016fchod\u016f, z toho 2,4 milionu lid\u00ed <a class=\"mh-excerpt-more\" href=\"https:\/\/www.invarena.cz\/?p=30209\" title=\"\u010ctvrtina senior\u016f je v p\u0159ed\u010dasn\u00e9 penzi. Vl\u00e1da \u0159e\u0161\u00ed jejich chudobu\">[&#8230;]<\/a><\/p>\n<\/div>","protected":false},"author":1,"featured_media":14360,"comment_status":"open","ping_status":"closed","sticky":false,"template":"","format":"standard","meta":{"footnotes":""},"categories":[1,9],"tags":[],"class_list":["post-30209","post","type-post","status-publish","format-standard","has-post-thumbnail","hentry","category-nezarazene","category-zpravy"],"_links":{"self":[{"href":"https:\/\/www.invarena.cz\/index.php?rest_route=\/wp\/v2\/posts\/30209","targetHints":{"allow":["GET"]}}],"collection":[{"href":"https:\/\/www.invarena.cz\/index.php?rest_route=\/wp\/v2\/posts"}],"about":[{"href":"https:\/\/www.invarena.cz\/index.php?rest_route=\/wp\/v2\/types\/post"}],"author":[{"embeddable":true,"href":"https:\/\/www.invarena.cz\/index.php?rest_route=\/wp\/v2\/users\/1"}],"replies":[{"embeddable":true,"href":"https:\/\/www.invarena.cz\/index.php?rest_route=%2Fwp%2Fv2%2Fcomments&post=30209"}],"version-history":[{"count":0,"href":"https:\/\/www.invarena.cz\/index.php?rest_route=\/wp\/v2\/posts\/30209\/revisions"}],"wp:featuredmedia":[{"embeddable":true,"href":"https:\/\/www.invarena.cz\/index.php?rest_route=\/wp\/v2\/media\/14360"}],"wp:attachment":[{"href":"https:\/\/www.invarena.cz\/index.php?rest_route=%2Fwp%2Fv2%2Fmedia&parent=30209"}],"wp:term":[{"taxonomy":"category","embeddable":true,"href":"https:\/\/www.invarena.cz\/index.php?rest_route=%2Fwp%2Fv2%2Fcategories&post=30209"},{"taxonomy":"post_tag","embeddable":true,"href":"https:\/\/www.invarena.cz\/index.php?rest_route=%2Fwp%2Fv2%2Ftags&post=30209"}],"curies":[{"name":"wp","href":"https:\/\/api.w.org\/{rel}","templated":true}]}}