{"id":30216,"date":"2018-02-28T11:23:08","date_gmt":"2018-02-28T10:23:08","guid":{"rendered":"http:\/\/www.invarena.cz\/?p=30216"},"modified":"2018-02-28T11:23:08","modified_gmt":"2018-02-28T10:23:08","slug":"plicni-fibrozu-je-treba-poznat-vcas","status":"publish","type":"post","link":"https:\/\/www.invarena.cz\/?p=30216","title":{"rendered":"Plicn\u00ed fibr\u00f3zu je t\u0159eba poznat v\u010das."},"content":{"rendered":"<p><strong>Zad\u00fdch\u00e1v\u00e1n\u00ed se p\u0159i n\u00e1maze, p\u0159i ch\u016fzi a pozd\u011bji i v klidu, rychl\u00e1 \u00fanava, ka\u0161el, v pozd\u011bj\u0161\u00edch f\u00e1z\u00edch porucha okysli\u010den\u00ed krve. To jsou nej\u010dast\u011bj\u0161\u00ed projevy idiopatick\u00e9 plicn\u00ed fibr\u00f3zy (IPF), m\u00e1lo zn\u00e1m\u00e9ho, ale velmi nebezpe\u010dn\u00e9ho onemocn\u011bn\u00ed d\u00fdchac\u00edho syst\u00e9mu. Na nutnost v\u010dasn\u00e9 diagn\u00f3zy upozor\u0148uj\u00ed odborn\u00edci p\u0159i p\u0159\u00edle\u017eitosti Sv\u011btov\u00e9ho dne vz\u00e1cn\u00fdch onemocn\u011bn\u00ed.<\/strong><br \/>\n<!--more--><br \/>\nZ\u00e1ke\u0159n\u00e1 a nen\u00e1padn\u011b za\u010d\u00ednaj\u00edc\u00ed plicn\u00ed nemoc, kterou celosv\u011btov\u011b trp\u00ed 5 milion\u016f lid\u00ed, ro\u010dn\u011b v \u010cesk\u00e9 republice usmrt\u00ed des\u00edtky pacient\u016f. Po\u0161kozuje plicn\u00ed skl\u00edpky, zajizvuje je, pl\u00edce tuhnou, a takto nemocn\u00fd se nem\u016f\u017ee nadechnout. Hlavn\u00edmi p\u0159\u00edznaky nemoci jsou krom\u011b du\u0161nosti, such\u00fd dr\u00e1\u017ediv\u00fd ka\u0161el a p\u0159i poslechu plic je mo\u017en\u00e9 sly\u0161et charakteristick\u00fd zvuk \u2013 krepitus \u2013 p\u0159ipom\u00ednaj\u00edc\u00ed odep\u00edn\u00e1n\u00ed such\u00e9ho zipu. Pro IPF jsou tak\u00e9 charakteristick\u00e9 tzv. pali\u010dkovit\u00e9 prsty s nehty tvaru hodinov\u00e9ho skl\u00ed\u010dka.<\/p>\n<p>Pokud je onemocn\u011bn\u00ed diagnostikov\u00e1no v\u010das a je nasazena l\u00e9\u010dba, m\u016f\u017ee pacient vzdorovat roky a zvy\u0161uje se jeho \u0161ance, \u017ee se do\u010dk\u00e1 transplantace plic. P\u0159i objeven\u00ed nemoci v pokro\u010dil\u00e9m st\u00e1diu u\u017e l\u00e9\u010dbu nejde nasadit. Bez n\u00ed IPF obvykle zab\u00edj\u00ed do t\u0159\u00ed let.<br \/>\n\u201eVelk\u00e1 \u010d\u00e1st pacient\u016f nepova\u017euje zpo\u010d\u00e1tku poka\u0161l\u00e1v\u00e1n\u00ed a zad\u00fdch\u00e1v\u00e1n\u00ed za p\u0159\u00edznak t\u011b\u017ek\u00e9 nemoci, ale za projev st\u00e1rnut\u00ed, ztr\u00e1ty kondice \u010di n\u00e1sledek kou\u0159en\u00ed a n\u00e1v\u0161t\u011bvu odborn\u00edka oddaluj\u00ed. Pr\u016fb\u011bh nemoci lze p\u0159itom zpomalit nebo zastavit v\u010dasn\u00fdm nasazen\u00edm l\u00e9\u010dby,\u201c upozor\u0148uje prof. MUDr. Martina Va\u0161\u00e1kov\u00e1, Ph.D., p\u0159ednostka Pneumologick\u00e9 kliniky 1. l\u00e9ka\u0159sk\u00e9 fakulty UK a Thomayerovy nemocnice v Praze a p\u0159edsedkyn\u011b Sekce pro interstici\u00e1ln\u00ed plicn\u00ed procesy (SIPP) \u010cesk\u00e9 pneumologick\u00e9 a ftizeologick\u00e9 spole\u010dnosti.<br \/>\nP\u0159\u00ed\u010diny nemoci nebyly dosud odhaleny, ke vzniku napom\u00e1h\u00e1 nap\u0159\u00edklad kou\u0159en\u00ed. Rizikovou skupinou jsou zejm\u00e9na lid\u00e9 nad 45 let, \u010dast\u011bji mu\u017ei. Projevy IPF l\u00e9ka\u0159i \u010dasto zam\u011b\u0148uj\u00ed za chronickou obstruk\u010dn\u00ed plicn\u00ed nemoc, z\u00e1pal plic \u010di srde\u010dn\u00ed selh\u00e1n\u00ed. Bez spr\u00e1vn\u00e9 l\u00e9\u010dby p\u0159itom IPF obvykle zab\u00edj\u00ed do t\u0159\u00ed let.<br \/>\nPou\u010dit laickou i odbornou ve\u0159ejnost o problematice idiopatick\u00e9 plicn\u00ed fibr\u00f3zy, pomoci pacient\u016fm i jejich rodinn\u00fdm p\u0159\u00edslu\u0161n\u00edk\u016fm i podpo\u0159it jejich aktivn\u00ed p\u0159\u00edstup k nemoci a l\u00e9\u010db\u011b si klade za c\u00edl port\u00e1l www.plicnifibroza.cz, kter\u00fd je aktivitou MUDr. Martiny \u0160terclov\u00e9, Ph.D.  a dal\u0161\u00edch odborn\u00edk\u016f z Pneumologick\u00e9 kliniky 1. l\u00e9ka\u0159sk\u00e9 fakulty UK a Thomayerovy nemocnice v Praze. P\u0159in\u00e1\u0161\u00ed nejen informace o onemocn\u011bn\u00ed IPF, jeho p\u0159\u00edznac\u00edch, diagnostice, mo\u017enostech l\u00e9\u010dby, ale i praktick\u00e9 rady t\u00fdkaj\u00edc\u00ed se kon\u00ed\u010dk\u016f, cestov\u00e1n\u00ed, \u00faloze rodiny. Pacienti s t\u00edmto z\u00e1va\u017en\u00fdm onemocn\u011bn\u00edm ocen\u00ed i informace t\u00fdkaj\u00edc\u00ed se pr\u00e1v pacient\u016f, soci\u00e1ln\u00ed a psychologick\u00e9 problematiky, l\u00e1ze\u0148sk\u00e9 l\u00e9\u010dby nebo rehabilitace.<br \/>\nNa osv\u011btu t\u00fdkaj\u00edc\u00ed se t\u00e9to vz\u00e1cn\u00e9, nebezpe\u010dn\u00e9 nemoci se zam\u011b\u0159ili odborn\u00edci \u010cesk\u00e9 pneumologick\u00e9 a ftizeologick\u00e9 spole\u010dnosti. V pr\u016fb\u011bhu v po\u0159ad\u00ed ji\u017e druh\u00e9ho ro\u010dn\u00edku celorepublikov\u00e9 osv\u011btov\u00e9 akce mohli v lo\u0148sk\u00e9m z\u00e1\u0159\u00ed lid\u00e9 nav\u0161t\u00edvit n\u011bkterou z 68 pneumologick\u00fdch ambulanc\u00ed a nechat se vy\u0161et\u0159it. <\/p>\n<p>Ambulance nav\u0161t\u00edvilo 155 lid\u00ed a u \u0161esti z nich bylo vysloveno podez\u0159en\u00ed na onemocn\u011bn\u00ed idiopatickou plicn\u00ed fibr\u00f3zou.<\/p>\n<p>Tiskov\u00e1 zpr\u00e1va<\/p>\n","protected":false},"excerpt":{"rendered":"<div class=\"mh-excerpt\"><p>Zad\u00fdch\u00e1v\u00e1n\u00ed se p\u0159i n\u00e1maze, p\u0159i ch\u016fzi a pozd\u011bji i v klidu, rychl\u00e1 \u00fanava, ka\u0161el, v pozd\u011bj\u0161\u00edch f\u00e1z\u00edch porucha okysli\u010den\u00ed krve. To jsou nej\u010dast\u011bj\u0161\u00ed projevy idiopatick\u00e9 <a class=\"mh-excerpt-more\" href=\"https:\/\/www.invarena.cz\/?p=30216\" title=\"Plicn\u00ed fibr\u00f3zu je t\u0159eba poznat v\u010das.\">[&#8230;]<\/a><\/p>\n<\/div>","protected":false},"author":1,"featured_media":14646,"comment_status":"open","ping_status":"closed","sticky":false,"template":"","format":"standard","meta":{"footnotes":""},"categories":[11],"tags":[],"class_list":["post-30216","post","type-post","status-publish","format-standard","has-post-thumbnail","hentry","category-zdravi"],"_links":{"self":[{"href":"https:\/\/www.invarena.cz\/index.php?rest_route=\/wp\/v2\/posts\/30216","targetHints":{"allow":["GET"]}}],"collection":[{"href":"https:\/\/www.invarena.cz\/index.php?rest_route=\/wp\/v2\/posts"}],"about":[{"href":"https:\/\/www.invarena.cz\/index.php?rest_route=\/wp\/v2\/types\/post"}],"author":[{"embeddable":true,"href":"https:\/\/www.invarena.cz\/index.php?rest_route=\/wp\/v2\/users\/1"}],"replies":[{"embeddable":true,"href":"https:\/\/www.invarena.cz\/index.php?rest_route=%2Fwp%2Fv2%2Fcomments&post=30216"}],"version-history":[{"count":0,"href":"https:\/\/www.invarena.cz\/index.php?rest_route=\/wp\/v2\/posts\/30216\/revisions"}],"wp:featuredmedia":[{"embeddable":true,"href":"https:\/\/www.invarena.cz\/index.php?rest_route=\/wp\/v2\/media\/14646"}],"wp:attachment":[{"href":"https:\/\/www.invarena.cz\/index.php?rest_route=%2Fwp%2Fv2%2Fmedia&parent=30216"}],"wp:term":[{"taxonomy":"category","embeddable":true,"href":"https:\/\/www.invarena.cz\/index.php?rest_route=%2Fwp%2Fv2%2Fcategories&post=30216"},{"taxonomy":"post_tag","embeddable":true,"href":"https:\/\/www.invarena.cz\/index.php?rest_route=%2Fwp%2Fv2%2Ftags&post=30216"}],"curies":[{"name":"wp","href":"https:\/\/api.w.org\/{rel}","templated":true}]}}